{"id":12932,"date":"2020-02-07T14:51:00","date_gmt":"2020-02-07T17:51:00","guid":{"rendered":"https:\/\/blogs2.correiobraziliense.com.br\/vicente\/?p=12932"},"modified":"2020-02-07T17:55:29","modified_gmt":"2020-02-07T20:55:29","slug":"caixa-prepara-pdv-e-mudanca-radical-na-estrutura-administrativa","status":"publish","type":"post","link":"https:\/\/blogs2.correiobraziliense.com.br\/vicente\/caixa-prepara-pdv-e-mudanca-radical-na-estrutura-administrativa\/","title":{"rendered":"Caixa prepara PDV e mudan\u00e7a radical na estrutura administrativa"},"content":{"rendered":"<h2>RENATO SOUZA<\/h2>\n<h2><\/h2>\n<h2>A Caixa Econ\u00f4mica Federal prepara um Plano de Demiss\u00e3o Volunt\u00e1ria ao mesmo tempo em que planeja o fechamento de ag\u00eancias e a melhora de sua rede de varejo. A inten\u00e7\u00e3o \u00e9 que a extin\u00e7\u00e3o de ag\u00eancias possibilite a cria\u00e7\u00e3o de 320 novas superintend\u00eancias de rede e de varejo. Com as 92 existentes, o n\u00famero de superintendentes chegar\u00e1 a 412.<\/h2>\n<p>&nbsp;<\/p>\n<p>A proposta, que ainda ser\u00e1 apresentada ao Conselho de Administra\u00e7\u00e3o do banco p\u00fablico, prev\u00ea a cria\u00e7\u00e3o de 3,6 mil vagas para gerente e de 2,6 mil para assistentes. \u201cSomos o banco de todos os brasileiros, em especial, dos que mais precisam e, por isso, iremos garantir o atendimento de excel\u00eancia para todos os nossos clientes\u201d, diz um trecho do texto que apresenta a nova estrutura.<\/p>\n<p>&nbsp;<\/p>\n<p>&#8220;Essa mudan\u00e7a garante a presen\u00e7a e proximidade com nossos clientes, prefeituras, ag\u00eancias, unidades lot\u00e9ricas, correspondentes Caixa Aqui e empres\u00e1rios, com foco na miss\u00e3o principal da Caixa, que \u00e9 servir o povo brasileiro&#8221;, completa o texto da pe\u00e7a sobre a nova estrutura da institui\u00e7\u00e3o na qual o <strong>Blog<\/strong> teve acesso. Tamb\u00e9m haver\u00e1 refor\u00e7o para o atendimento do governo, com a cria\u00e7\u00e3o de 57 superintend\u00eancias.<\/p>\n<p>&nbsp;<\/p>\n<p><strong>Mais resultados<\/strong><\/p>\n<p>&nbsp;<\/p>\n<p>A inten\u00e7\u00e3o, com as altera\u00e7\u00f5es, \u00e9 aumentar os resultados comerciais. Para isso, a estrutura deve ser fragmentada, para que ocorra maior venda de produtos. Atualmente, reconhece a Caixa, h\u00e1 gente demais em cargos de chefia e funcion\u00e1rios de menos no atendimento. Por isso, tantas reclama\u00e7\u00f5es da clientela que frequenta as ag\u00eancias.<\/p>\n<p>&nbsp;<\/p>\n<p>A Caixa tem, hoje, pouco mais de 85 mil funcion\u00e1rios. Mas, pelo diagn\u00f3stico que foi tra\u00e7ado, o corpo de empregados n\u00e3o est\u00e1 distribu\u00eddo adequadamente. E isso, admite o banco, precisa ser mudado rapidamente, para que a institui\u00e7\u00e3o possa enfrentar o mercado e aumentar a rentabilidade das ag\u00eancias.<\/p>\n<p>&nbsp;<\/p>\n<p>&#8220;Estamos propondo um processo de descentraliza\u00e7\u00e3o, reduzindo cargos nos escal\u00f5es mais altos e pulverizando fun\u00e7\u00f5es nas redes de atendimento&#8221;, frisa um integrante da Caixa. Ele garante, por\u00e9m, que toda essa reestrutura\u00e7\u00e3o n\u00e3o resultar\u00e1 em aumento de gastos para a caixa.<\/p>\n<p>&nbsp;<\/p>\n<p>&#8220;Haver\u00e1 um encontro de contas. Fecharemos cargos e ag\u00eancias, mas abriremos fun\u00e7\u00f5es de n\u00edveis mais baixos&#8221;, explica o mesmo t\u00e9cnico. Tamb\u00e9m haver\u00e1 mais foco na a\u00e7\u00e3o dos superintendentes. Em vez de cuidarem de 100 ag\u00eancias, v\u00e3o se concentrar em 15, para que o trabalho seja desenvolvido com maior qualidade.<\/p>\n<p>&nbsp;<\/p>\n<p><strong>Produtos<\/strong><\/p>\n<p>&nbsp;<\/p>\n<p>No fim das contas, o que a Caixa quer \u00e9 aumentar os ganhos, ter pessoal mais treinado e dispon\u00edvel para vender produtos dentro das ag\u00eancias. Essa \u00e9 a determina\u00e7\u00e3o da diretoria. Segundo a Caixa, nada, por\u00e9m, ser\u00e1 feito de forma agressiva.<\/p>\n<p>&nbsp;<\/p>\n<p>Segundo o banco, as propostas de reestrutura\u00e7\u00e3o foram apresentadas, primeiramente, aos superintendentes em um encontro em Bras\u00edlia. Depois, as sugest\u00f5es foram colocadas na intranet do banco para que os funcion\u00e1rios pudessem dar sugest\u00f5es.<\/p>\n<p>&nbsp;<\/p>\n<p>Com base no que foi proposto, o Conselho de Administra\u00e7\u00e3o bater\u00e1 o martelo, inclusive para o PDV, pois ser\u00e1 preciso definir qual o p\u00fablico-alvo a ser atingido e quais os benef\u00edcios para aqueles de decidirem abrir m\u00e3o do emprego atual.<\/p>\n<p>&nbsp;<\/p>\n<p><em>Bras\u00edlia, 14h51min<\/em><\/p>\n","protected":false},"excerpt":{"rendered":"<p>RENATO SOUZA A Caixa Econ\u00f4mica Federal prepara um Plano de Demiss\u00e3o Volunt\u00e1ria ao mesmo tempo em que planeja o fechamento de ag\u00eancias e a melhora de sua rede de varejo. A inten\u00e7\u00e3o \u00e9 que a extin\u00e7\u00e3o de ag\u00eancias possibilite a cria\u00e7\u00e3o de 320 novas superintend\u00eancias de rede e de varejo. Com as 92 existentes, o [&hellip;]<\/p>\n","protected":false},"author":22,"featured_media":12945,"comment_status":"open","ping_status":"closed","sticky":false,"template":"","format":"standard","meta":{"wpb_read_more":[],"footnotes":""},"categories":[600],"tags":[2592,110,1396,295,4425,1342],"class_list":["post-12932","post","type-post","status-publish","format-standard","has-post-thumbnail","hentry","category-economia","tag-banco","tag-caixa","tag-pdv","tag-reestruturacao","tag-superintendencias","tag-varejo"],"_links":{"self":[{"href":"https:\/\/blogs2.correiobraziliense.com.br\/vicente\/wp-json\/wp\/v2\/posts\/12932","targetHints":{"allow":["GET"]}}],"collection":[{"href":"https:\/\/blogs2.correiobraziliense.com.br\/vicente\/wp-json\/wp\/v2\/posts"}],"about":[{"href":"https:\/\/blogs2.correiobraziliense.com.br\/vicente\/wp-json\/wp\/v2\/types\/post"}],"author":[{"embeddable":true,"href":"https:\/\/blogs2.correiobraziliense.com.br\/vicente\/wp-json\/wp\/v2\/users\/22"}],"replies":[{"embeddable":true,"href":"https:\/\/blogs2.correiobraziliense.com.br\/vicente\/wp-json\/wp\/v2\/comments?post=12932"}],"version-history":[{"count":27,"href":"https:\/\/blogs2.correiobraziliense.com.br\/vicente\/wp-json\/wp\/v2\/posts\/12932\/revisions"}],"predecessor-version":[{"id":12960,"href":"https:\/\/blogs2.correiobraziliense.com.br\/vicente\/wp-json\/wp\/v2\/posts\/12932\/revisions\/12960"}],"wp:featuredmedia":[{"embeddable":true,"href":"https:\/\/blogs2.correiobraziliense.com.br\/vicente\/wp-json\/wp\/v2\/media\/12945"}],"wp:attachment":[{"href":"https:\/\/blogs2.correiobraziliense.com.br\/vicente\/wp-json\/wp\/v2\/media?parent=12932"}],"wp:term":[{"taxonomy":"category","embeddable":true,"href":"https:\/\/blogs2.correiobraziliense.com.br\/vicente\/wp-json\/wp\/v2\/categories?post=12932"},{"taxonomy":"post_tag","embeddable":true,"href":"https:\/\/blogs2.correiobraziliense.com.br\/vicente\/wp-json\/wp\/v2\/tags?post=12932"}],"curies":[{"name":"wp","href":"https:\/\/api.w.org\/{rel}","templated":true}]}}