{"id":1294,"date":"2016-06-07T12:39:59","date_gmt":"2016-06-07T15:39:59","guid":{"rendered":"https:\/\/blogs2.correiobraziliense.com.br\/vicente\/?p=1294"},"modified":"2016-06-07T13:03:04","modified_gmt":"2016-06-07T16:03:04","slug":"reservas-internacionais-devem-ser-preservadas-diz-goldfajn","status":"publish","type":"post","link":"https:\/\/blogs2.correiobraziliense.com.br\/vicente\/reservas-internacionais-devem-ser-preservadas-diz-goldfajn\/","title":{"rendered":"Reservas internacionais devem ser preservadas, diz Goldfajn"},"content":{"rendered":"<p>POR ANTONIO TEM\u00d3TEO<\/p>\n<p>&nbsp;<\/p>\n<p>Questionado pelo senador Crist\u00f3vam Buarque (PPS-DF) sobre qual \u00e9 o n\u00edvel ideal para as reservas internacionais do pa\u00eds, Ilan Goldfajn afirmou que n\u00e3o h\u00e1 um consenso sobre o tema no mercado e na academia. Ele ressaltou que, em momentos de crise, h\u00e1 discuss\u00f5es sobre a escassez de reservas e em per\u00edodos de calmaria s\u00e3o feitos debates sobre o excesso de d\u00f3lares.<\/p>\n<p>&nbsp;<\/p>\n<p>Durante sua sabatina na Comiss\u00e3o de Assuntos Econ\u00f4micos (CAE) do Senado Federal, Goldfajn defendeu que as reservas s\u00e3o um seguro para momentos de crise, e destacou que uma discuss\u00e3o sobre o n\u00edvel adequado deve ser feito quando as condi\u00e7\u00f5es melhorarem. &#8220;Vale a pena manter esse seguro. Mas assim que passar o per\u00edodo de incerteza, o debate deve ser feito&#8221;, detalhou.<\/p>\n<p>&nbsp;<\/p>\n<p>&nbsp;<\/p>\n","protected":false},"excerpt":{"rendered":"<p>POR ANTONIO TEM\u00d3TEO &nbsp; Questionado pelo senador Crist\u00f3vam Buarque (PPS-DF) sobre qual \u00e9 o n\u00edvel ideal para as reservas internacionais do pa\u00eds, Ilan Goldfajn afirmou que n\u00e3o h\u00e1 um consenso sobre o tema no mercado e na academia. Ele ressaltou que, em momentos de crise, h\u00e1 discuss\u00f5es sobre a escassez de reservas e em per\u00edodos [&hellip;]<\/p>\n","protected":false},"author":22,"featured_media":0,"comment_status":"open","ping_status":"closed","sticky":false,"template":"","format":"standard","meta":{"wpb_read_more":[],"footnotes":""},"categories":[1],"tags":[],"class_list":["post-1294","post","type-post","status-publish","format-standard","hentry","category-sem-categoria"],"_links":{"self":[{"href":"https:\/\/blogs2.correiobraziliense.com.br\/vicente\/wp-json\/wp\/v2\/posts\/1294","targetHints":{"allow":["GET"]}}],"collection":[{"href":"https:\/\/blogs2.correiobraziliense.com.br\/vicente\/wp-json\/wp\/v2\/posts"}],"about":[{"href":"https:\/\/blogs2.correiobraziliense.com.br\/vicente\/wp-json\/wp\/v2\/types\/post"}],"author":[{"embeddable":true,"href":"https:\/\/blogs2.correiobraziliense.com.br\/vicente\/wp-json\/wp\/v2\/users\/22"}],"replies":[{"embeddable":true,"href":"https:\/\/blogs2.correiobraziliense.com.br\/vicente\/wp-json\/wp\/v2\/comments?post=1294"}],"version-history":[{"count":3,"href":"https:\/\/blogs2.correiobraziliense.com.br\/vicente\/wp-json\/wp\/v2\/posts\/1294\/revisions"}],"predecessor-version":[{"id":1300,"href":"https:\/\/blogs2.correiobraziliense.com.br\/vicente\/wp-json\/wp\/v2\/posts\/1294\/revisions\/1300"}],"wp:attachment":[{"href":"https:\/\/blogs2.correiobraziliense.com.br\/vicente\/wp-json\/wp\/v2\/media?parent=1294"}],"wp:term":[{"taxonomy":"category","embeddable":true,"href":"https:\/\/blogs2.correiobraziliense.com.br\/vicente\/wp-json\/wp\/v2\/categories?post=1294"},{"taxonomy":"post_tag","embeddable":true,"href":"https:\/\/blogs2.correiobraziliense.com.br\/vicente\/wp-json\/wp\/v2\/tags?post=1294"}],"curies":[{"name":"wp","href":"https:\/\/api.w.org\/{rel}","templated":true}]}}