{"id":1296,"date":"2016-06-07T13:04:42","date_gmt":"2016-06-07T16:04:42","guid":{"rendered":"https:\/\/blogs2.correiobraziliense.com.br\/vicente\/?p=1296"},"modified":"2016-06-07T13:10:27","modified_gmt":"2016-06-07T16:10:27","slug":"crise-pode-atrapalhar-sabatina-de-goldfajn-no-plenario-do-senado","status":"publish","type":"post","link":"https:\/\/blogs2.correiobraziliense.com.br\/vicente\/crise-pode-atrapalhar-sabatina-de-goldfajn-no-plenario-do-senado\/","title":{"rendered":"Senador Lindbergh Farias vai ao STF contra sabatina de Goldfajn na CAE"},"content":{"rendered":"<p>POR ANTONIO TEM\u00d3TEO<\/p>\n<p>&nbsp;<\/p>\n<p>Membro da Comiss\u00e3o de Assuntos Econ\u00f4micos (CAE) do Senado Federal, o senador\u00a0Lindbergh Farias (PT-RJ) ir\u00e1 ao Supremo Tribunal Federal (STF) para pedir a anula\u00e7\u00e3o da sabatina de Ilan Goldfajn, indicado pelo presidente da Rep\u00fablica interino, Michel Temer, para presidir o Banco Central (BC).<\/p>\n<p>&nbsp;<\/p>\n<p>Em quest\u00e3o de ordem do senador Telm\u00e1rio Mota (PDT-RR), o plen\u00e1rio da CAE decidiu votar a indica\u00e7\u00e3o de Goldfajn antes do fim dos questionamentos dos senadores. A presidente do colegiado, senadora Gleisi Hoffmann (PT-PR), acatou o questionamento porque isso ocorreu em outras vota\u00e7\u00f5es no Senado. Entretanto, ela comentou que n\u00e3o era favor\u00e1vel a essa medida.<\/p>\n<p>&nbsp;<\/p>\n<p>Lindbergh Farias tamb\u00e9m se mostrou contr\u00e1rio \u00e0 medida, mas foi voto vencido no colegiado. Conforme ele, a decis\u00e3o desrespeita a Constitui\u00e7\u00e3o Federal e vai contra ao que \u00e9 praticado pelas autoridades monet\u00e1rias de diversos pa\u00edses. &#8220;As sabatinas para indicados para o Federal Reserve (FED), nos Estados Unidos, duram um dia inteiro. Isso \u00e9 uma vergonha&#8221;, disse Farias.<\/p>\n<p>&nbsp;<\/p>\n","protected":false},"excerpt":{"rendered":"<p>POR ANTONIO TEM\u00d3TEO &nbsp; Membro da Comiss\u00e3o de Assuntos Econ\u00f4micos (CAE) do Senado Federal, o senador\u00a0Lindbergh Farias (PT-RJ) ir\u00e1 ao Supremo Tribunal Federal (STF) para pedir a anula\u00e7\u00e3o da sabatina de Ilan Goldfajn, indicado pelo presidente da Rep\u00fablica interino, Michel Temer, para presidir o Banco Central (BC). &nbsp; Em quest\u00e3o de ordem do senador Telm\u00e1rio [&hellip;]<\/p>\n","protected":false},"author":22,"featured_media":0,"comment_status":"open","ping_status":"closed","sticky":false,"template":"","format":"standard","meta":{"wpb_read_more":[],"footnotes":""},"categories":[1],"tags":[],"class_list":["post-1296","post","type-post","status-publish","format-standard","hentry","category-sem-categoria"],"_links":{"self":[{"href":"https:\/\/blogs2.correiobraziliense.com.br\/vicente\/wp-json\/wp\/v2\/posts\/1296","targetHints":{"allow":["GET"]}}],"collection":[{"href":"https:\/\/blogs2.correiobraziliense.com.br\/vicente\/wp-json\/wp\/v2\/posts"}],"about":[{"href":"https:\/\/blogs2.correiobraziliense.com.br\/vicente\/wp-json\/wp\/v2\/types\/post"}],"author":[{"embeddable":true,"href":"https:\/\/blogs2.correiobraziliense.com.br\/vicente\/wp-json\/wp\/v2\/users\/22"}],"replies":[{"embeddable":true,"href":"https:\/\/blogs2.correiobraziliense.com.br\/vicente\/wp-json\/wp\/v2\/comments?post=1296"}],"version-history":[{"count":6,"href":"https:\/\/blogs2.correiobraziliense.com.br\/vicente\/wp-json\/wp\/v2\/posts\/1296\/revisions"}],"predecessor-version":[{"id":1306,"href":"https:\/\/blogs2.correiobraziliense.com.br\/vicente\/wp-json\/wp\/v2\/posts\/1296\/revisions\/1306"}],"wp:attachment":[{"href":"https:\/\/blogs2.correiobraziliense.com.br\/vicente\/wp-json\/wp\/v2\/media?parent=1296"}],"wp:term":[{"taxonomy":"category","embeddable":true,"href":"https:\/\/blogs2.correiobraziliense.com.br\/vicente\/wp-json\/wp\/v2\/categories?post=1296"},{"taxonomy":"post_tag","embeddable":true,"href":"https:\/\/blogs2.correiobraziliense.com.br\/vicente\/wp-json\/wp\/v2\/tags?post=1296"}],"curies":[{"name":"wp","href":"https:\/\/api.w.org\/{rel}","templated":true}]}}