{"id":12963,"date":"2020-02-08T10:10:59","date_gmt":"2020-02-08T13:10:59","guid":{"rendered":"https:\/\/blogs2.correiobraziliense.com.br\/vicente\/?p=12963"},"modified":"2020-02-08T13:41:50","modified_gmt":"2020-02-08T16:41:50","slug":"alo-bolsonaro-tem-gasolina-mais-barata-neste-fim-de-semana","status":"publish","type":"post","link":"https:\/\/blogs2.correiobraziliense.com.br\/vicente\/alo-bolsonaro-tem-gasolina-mais-barata-neste-fim-de-semana\/","title":{"rendered":"Al\u00f4, Bolsonaro! Tem gasolina mais barata neste fim de semana"},"content":{"rendered":"<h2>Em meio \u00e0 pol\u00eamica criada com os governadores, por sugerir o fim do Imposto sobre Circula\u00e7\u00e3o de Mercadorias e Servi\u00e7os (ICMS) incidente nos combust\u00edveis, o presidente Jair Bolsonaro pode comemorar: os pre\u00e7os da gasolina ca\u00edram em quase todos os postos do Distrito Federal neste fim de semana.<\/h2>\n<p>&nbsp;<\/p>\n<p>Pesquisa realizada pelo <strong>Blog<\/strong> mostra que, na m\u00e9dia, o litro da gasolina ficou R$ 0,20 mais barato, praticamente refletido as quedas de pre\u00e7os feitas pela Petrobras nas refinarias nas \u00faltimas duas semanas. Os postos alegavam que estavam com dificuldades para repassar a baixa aos consumidores.<\/p>\n<p>&nbsp;<\/p>\n<p>Em v\u00e1rias localidades, \u00e9 poss\u00edvel encher o tanque com o litro da gasolina entre R$ 4,17 e R$ 4,19. No in\u00edcio da semana, a m\u00e9dia de pre\u00e7os variava entre R$ 4,29 e R$ 4,39. Para os especialistas, a redu\u00e7\u00e3o dos pre\u00e7os do combust\u00edvel tem a ver, principalmente, com a mudan\u00e7a de estoques nos postos, que chegaram mais baratos.<\/p>\n<p>&nbsp;<\/p>\n<p><strong>Petr\u00f3leo e d\u00f3lar<\/strong><\/p>\n<p>&nbsp;<\/p>\n<p>Os especialistas, no entanto, t\u00eam d\u00favidas quanto \u00e0 manuten\u00e7\u00e3o dos atuais valores da gasolina. Dois fatores jogam a favor dos consumidores, outro, contra. A favor est\u00e3o a queda das cota\u00e7\u00f5es do petr\u00f3leo no mercado internacional por causa do coronav\u00edrus e o consumo de combust\u00edveis em baixa. Contra, a disparada do d\u00f3lar, que atingiu a maior cota\u00e7\u00e3o da hist\u00f3ria, R$ 4,32.<\/p>\n<p>&nbsp;<\/p>\n<p>A Petrobras tem sido muito cautelosa ao mexer nos pre\u00e7os dos combust\u00edveis nas refinarias. H\u00e1 uma orienta\u00e7\u00e3o t\u00e1cita do Pal\u00e1cio do Planalto para que a estatal n\u00e3o se precipite na hora de mexer nos pre\u00e7os da gasolina e do diesel, sobretudo quando se tratar de reajustes. O presidente da Rep\u00fablica n\u00e3o quer nem ouvir falar em aumento dos combust\u00edveis pela petroleira.<\/p>\n<p>&nbsp;<\/p>\n<p>Nos \u00faltimos dias, Bolsonaro fustigou os governadores a zerarem o ICMS incidente sobre os combust\u00edveis. Disse que, se eles topassem o desafio, o governo federal tamb\u00e9m abriria m\u00e3o dos tributos que cobra sobre os produtos, que arrecadam R$ 27 bilh\u00f5es por ano. Com as contas no vermelho, os governadores espernearam e acusaram o presidente de fazer populismo.<\/p>\n<p>&nbsp;<\/p>\n<p><strong>Reforma tribut\u00e1ria<\/strong><\/p>\n<p>&nbsp;<\/p>\n<p>Em entrevista ao programa <em>CB.Poder<\/em> desta semana, Paulo Tavares, presidente do Sindicombust\u00edveis-DF, que re\u00fane os postos de combust\u00edveis do Distrito Federal, disse que, juntos, ICMS e impostos federais representam mais de R$ 2 do pre\u00e7o final da gasolina nas bombas. Ou seja, quase a metade do valor final cobrado dos consumidores.<\/p>\n<p>&nbsp;<\/p>\n<p>Ele afirmou ainda ser a favor de que o ICMS passe a ser cobrado por meio de um valor fixo e n\u00e3o por al\u00edquotas, que variam de estado para estado e podem chegar a 34%. Esse tema est\u00e1 sendo tratado dentro da reforma tribut\u00e1ria que tramita no Congresso. O Minist\u00e9rio da Economia se calou sobre o tema.<\/p>\n<p>&nbsp;<\/p>\n<p><em>Bras\u00edlia, 10h10min<\/em><\/p>\n","protected":false},"excerpt":{"rendered":"<p>Em meio \u00e0 pol\u00eamica criada com os governadores, por sugerir o fim do Imposto sobre Circula\u00e7\u00e3o de Mercadorias e Servi\u00e7os (ICMS) incidente nos combust\u00edveis, o presidente Jair Bolsonaro pode comemorar: os pre\u00e7os da gasolina ca\u00edram em quase todos os postos do Distrito Federal neste fim de semana. &nbsp; Pesquisa realizada pelo Blog mostra que, na [&hellip;]<\/p>\n","protected":false},"author":22,"featured_media":12590,"comment_status":"open","ping_status":"closed","sticky":false,"template":"","format":"standard","meta":{"wpb_read_more":[],"footnotes":""},"categories":[600],"tags":[2554,343,268,2597,524,1459,390,279],"class_list":["post-12963","post","type-post","status-publish","format-standard","has-post-thumbnail","hentry","category-economia","tag-bolsonaro","tag-dolar","tag-gasolina","tag-icms","tag-impostos","tag-petroleo","tag-precos","tag-queda"],"_links":{"self":[{"href":"https:\/\/blogs2.correiobraziliense.com.br\/vicente\/wp-json\/wp\/v2\/posts\/12963","targetHints":{"allow":["GET"]}}],"collection":[{"href":"https:\/\/blogs2.correiobraziliense.com.br\/vicente\/wp-json\/wp\/v2\/posts"}],"about":[{"href":"https:\/\/blogs2.correiobraziliense.com.br\/vicente\/wp-json\/wp\/v2\/types\/post"}],"author":[{"embeddable":true,"href":"https:\/\/blogs2.correiobraziliense.com.br\/vicente\/wp-json\/wp\/v2\/users\/22"}],"replies":[{"embeddable":true,"href":"https:\/\/blogs2.correiobraziliense.com.br\/vicente\/wp-json\/wp\/v2\/comments?post=12963"}],"version-history":[{"count":1,"href":"https:\/\/blogs2.correiobraziliense.com.br\/vicente\/wp-json\/wp\/v2\/posts\/12963\/revisions"}],"predecessor-version":[{"id":12964,"href":"https:\/\/blogs2.correiobraziliense.com.br\/vicente\/wp-json\/wp\/v2\/posts\/12963\/revisions\/12964"}],"wp:featuredmedia":[{"embeddable":true,"href":"https:\/\/blogs2.correiobraziliense.com.br\/vicente\/wp-json\/wp\/v2\/media\/12590"}],"wp:attachment":[{"href":"https:\/\/blogs2.correiobraziliense.com.br\/vicente\/wp-json\/wp\/v2\/media?parent=12963"}],"wp:term":[{"taxonomy":"category","embeddable":true,"href":"https:\/\/blogs2.correiobraziliense.com.br\/vicente\/wp-json\/wp\/v2\/categories?post=12963"},{"taxonomy":"post_tag","embeddable":true,"href":"https:\/\/blogs2.correiobraziliense.com.br\/vicente\/wp-json\/wp\/v2\/tags?post=12963"}],"curies":[{"name":"wp","href":"https:\/\/api.w.org\/{rel}","templated":true}]}}