{"id":12976,"date":"2020-02-14T10:43:09","date_gmt":"2020-02-14T13:43:09","guid":{"rendered":"https:\/\/blogs2.correiobraziliense.com.br\/vicente\/?p=12976"},"modified":"2020-02-14T18:19:57","modified_gmt":"2020-02-14T21:19:57","slug":"enquanto-guedes-mostra-todo-seu-preconceito-a-economia-afunda","status":"publish","type":"post","link":"https:\/\/blogs2.correiobraziliense.com.br\/vicente\/enquanto-guedes-mostra-todo-seu-preconceito-a-economia-afunda\/","title":{"rendered":"Enquanto Guedes mostra todo seu preconceito, a economia afunda"},"content":{"rendered":"<h2>Se n\u00e3o tem economizado nas absurdas demonstra\u00e7\u00f5es de preconceitos, o ministro da Economia, Paulo Guedes, at\u00e9 agora n\u00e3o conseguiu mostrar capacidade efetiva para tocar um processo de retomada mais forte da economia. Desde que ele tomou posse como superministro, em janeiro de 2019, s\u00f3 vem acumulando frustra\u00e7\u00f5es quando o assunto \u00e9 crescimento econ\u00f4mico.<\/h2>\n<p>&nbsp;<\/p>\n<p>Guedes assumiu com um discurso de que, com a posse de um governo liberal, o pa\u00eds entraria em um ciclo cont\u00ednuo de expans\u00e3o do Produto Interno Bruto (PIB). Num tom ufanista, prometeu zerar o deficit p\u00fablico, superior a R$ 130 bilh\u00f5es, em apenas um ano. Muita gente acreditou em tais promessas.<\/p>\n<p>&nbsp;<\/p>\n<p>A realidade que tem se imposto, por\u00e9m, \u00e9 totalmente diferente. A economia continua patinando e as contas p\u00fablicas apresentam rombo pr\u00f3ximo de R$ 100 bilh\u00f5es ao ano. A incapacidade da equipe de Guedes de fazer o pa\u00eds crescer \u00e9 t\u00e3o grande, que nem a taxa b\u00e1sica de juros (Selic) no menor n\u00edvel da hist\u00f3ria (4,25% ao ano) e a infla\u00e7\u00e3o abaixo da meta surtiram efeito.<\/p>\n<p>&nbsp;<\/p>\n<p><strong>Desconfian\u00e7a<\/strong><\/p>\n<p>&nbsp;<\/p>\n<p>Embalada pelo discurso otimista de Guedes, a maior parte dos economistas chegou a prever crescimento de at\u00e9 3% em 2019. A euforia entre empres\u00e1rios e integrantes do mercado era tamanha, que consultorias e bancos revisaram para cima suas proje\u00e7\u00f5es para o Produto Interno Bruto (PIB) por diversas vezes.<\/p>\n<p>&nbsp;<\/p>\n<p>Aos poucos, por\u00e9m, a ficha foi caindo e a realidade dando as caras. Agora, o Banco Central informa que a economia brasileira cresceu apenas 0,89% em 2019. Quando se olha para os resultados mensais do\u00a0IBC-Br, que funciona como pr\u00e9via do PIB, o que se v\u00ea \u00e9 o n\u00famero de novembro revisado de alta de 0,18% para queda de 0,11% e o de dezembro apontando contra\u00e7\u00e3o de 0,27%.<\/p>\n<p>&nbsp;<\/p>\n<p>Esses dados ruins, que aumentam a desconfian\u00e7a, v\u00eam das quedas de 0,7% na produ\u00e7\u00e3o industrial, de 0,1% no varejo e de 0,4% em servi\u00e7os no \u00faltimo m\u00eas de 2019. Tudo isso mostra que, em vez de acelerar, como propagou Guedes, a economia perdeu for\u00e7a. N\u00e3o por acaso, os especialistas est\u00e3o revisando todas as estimativas de PIB de 2020 para baixo. Alta de 2% virou teto.<\/p>\n<p>&nbsp;<\/p>\n<p><strong>Parasitas e dom\u00e9sticas<\/strong><\/p>\n<p>&nbsp;<\/p>\n<p>O falastr\u00e3o Guedes, que j\u00e1 agrediu a mulher do presidente da Fran\u00e7a, defendeu o AI-5, chamou os servidores p\u00fablicos de parasitas e disse que n\u00e3o \u00e9 aceit\u00e1vel que empregados dom\u00e9sticos viagem para a Disney. Mais preconceituoso, imposs\u00edvel.<\/p>\n<p>&nbsp;<\/p>\n<p>N\u00e3o custa lembrar que, depois de muitas tentativas e uma espera de mais de 30 anos, Guedes chegou ao posto mais alto da economia. At\u00e9 agora, est\u00e1 sendo mais destaque pelas atrocidades que fala do que pela melhora efetiva da economia.<\/p>\n<p>&nbsp;<\/p>\n<p>Mais: Guedes poderia refletir sobre uma frase do genial Millor Fernandes. &#8220;As pessoas que falam muito mentem sempre, porque acabam esgotando seu estoque de verdades.&#8221;<\/p>\n<p>&nbsp;<\/p>\n<p><em>\u00a0Bras\u00edlia, 10h43min<\/em><\/p>\n","protected":false},"excerpt":{"rendered":"<p>Se n\u00e3o tem economizado nas absurdas demonstra\u00e7\u00f5es de preconceitos, o ministro da Economia, Paulo Guedes, at\u00e9 agora n\u00e3o conseguiu mostrar capacidade efetiva para tocar um processo de retomada mais forte da economia. Desde que ele tomou posse como superministro, em janeiro de 2019, s\u00f3 vem acumulando frustra\u00e7\u00f5es quando o assunto \u00e9 crescimento econ\u00f4mico. &nbsp; Guedes [&hellip;]<\/p>\n","protected":false},"author":22,"featured_media":10371,"comment_status":"open","ping_status":"closed","sticky":false,"template":"","format":"standard","meta":{"wpb_read_more":[],"footnotes":""},"categories":[600],"tags":[9,589,4433,3616,4434,4432,123],"class_list":["post-12976","post","type-post","status-publish","format-standard","has-post-thumbnail","hentry","category-economia","tag-domesticas","tag-economia","tag-frustracoes","tag-guedes","tag-parasitas","tag-preconceitos","tag-servidores"],"_links":{"self":[{"href":"https:\/\/blogs2.correiobraziliense.com.br\/vicente\/wp-json\/wp\/v2\/posts\/12976","targetHints":{"allow":["GET"]}}],"collection":[{"href":"https:\/\/blogs2.correiobraziliense.com.br\/vicente\/wp-json\/wp\/v2\/posts"}],"about":[{"href":"https:\/\/blogs2.correiobraziliense.com.br\/vicente\/wp-json\/wp\/v2\/types\/post"}],"author":[{"embeddable":true,"href":"https:\/\/blogs2.correiobraziliense.com.br\/vicente\/wp-json\/wp\/v2\/users\/22"}],"replies":[{"embeddable":true,"href":"https:\/\/blogs2.correiobraziliense.com.br\/vicente\/wp-json\/wp\/v2\/comments?post=12976"}],"version-history":[{"count":4,"href":"https:\/\/blogs2.correiobraziliense.com.br\/vicente\/wp-json\/wp\/v2\/posts\/12976\/revisions"}],"predecessor-version":[{"id":12980,"href":"https:\/\/blogs2.correiobraziliense.com.br\/vicente\/wp-json\/wp\/v2\/posts\/12976\/revisions\/12980"}],"wp:featuredmedia":[{"embeddable":true,"href":"https:\/\/blogs2.correiobraziliense.com.br\/vicente\/wp-json\/wp\/v2\/media\/10371"}],"wp:attachment":[{"href":"https:\/\/blogs2.correiobraziliense.com.br\/vicente\/wp-json\/wp\/v2\/media?parent=12976"}],"wp:term":[{"taxonomy":"category","embeddable":true,"href":"https:\/\/blogs2.correiobraziliense.com.br\/vicente\/wp-json\/wp\/v2\/categories?post=12976"},{"taxonomy":"post_tag","embeddable":true,"href":"https:\/\/blogs2.correiobraziliense.com.br\/vicente\/wp-json\/wp\/v2\/tags?post=12976"}],"curies":[{"name":"wp","href":"https:\/\/api.w.org\/{rel}","templated":true}]}}