{"id":12999,"date":"2020-02-18T13:04:26","date_gmt":"2020-02-18T16:04:26","guid":{"rendered":"https:\/\/blogs2.correiobraziliense.com.br\/vicente\/?p=12999"},"modified":"2020-02-18T13:04:26","modified_gmt":"2020-02-18T16:04:26","slug":"dolar-bate-novo-recorde-de-r-435-e-mercado-aposta-em-novas-altas","status":"publish","type":"post","link":"https:\/\/blogs2.correiobraziliense.com.br\/vicente\/dolar-bate-novo-recorde-de-r-435-e-mercado-aposta-em-novas-altas\/","title":{"rendered":"D\u00f3lar bate novo recorde, de R$ 4,35, e mercado aposta em novas altas"},"content":{"rendered":"<p>ROSANA HESSEL<\/p>\n<p>&nbsp;<\/p>\n<p>Enquanto o presidente Jair Bolsonaro prefere destilar veneno contra jornalistas profissionais em vez de apresentar propostas para a retomada da economia, o d\u00f3lar dispara e rompe uma nova barreira, de R$ 4,35. A divisa norte-americana segue em alta de 0,55% nesta ter\u00e7a-feira (18\/02), em meio ao aumento das incertezas no mercado global e piora nas previs\u00f5es para a economia brasileira. A Bolsa de Valores de S\u00e3o Paulo (B3) opera em queda de mais de 1%, acompanhando o mercado internacional cada vez mais frustrado com a perda da rentabilidade de empresas multinacionais devido ao\u00a0coronav\u00edrus.<\/p>\n<p>&nbsp;<\/p>\n<p>&#8220;Hoje o d\u00f3lar est\u00e1 mais perto de R$ 4,50 do que dos R$ 4,10 que o mercado estava esperando para este ano. Vamos continuar pressionados por conta do aumento da avers\u00e3o ao risco no mercado, que est\u00e1 reagindo com o avan\u00e7o das preocupa\u00e7\u00f5es com a queda na atividade global&#8221;, explicou Reginaldo Galhardo, gerente c\u00e2mbio da Treviso Corretora.<\/p>\n<p>&nbsp;<\/p>\n<p>Est\u00e1 se formando no mercado um consenso de que a tend\u00eancia agora \u00e9 de o d\u00f3lar se valorizar diante das moedas de mercados emergentes em busca de seguran\u00e7a devido ao aumento da instabilidade global sobre o impacto econ\u00f4mico do coronav\u00edrus. &#8220;A desvaloriza\u00e7\u00e3o do real tende a continuar forte, porque o grande parceiro comercial do Brasil \u00e9 a China, que est\u00e1 dando sinais de que a economia j\u00e1 est\u00e1 enfraquecendo e afetando outros pa\u00edses&#8221;, destacou. Ele citou como exemplo o Jap\u00e3o, que est\u00e1 registrando desacelera\u00e7\u00e3o por conta da falta de componentes chineses para as montadoras.\u00a0 Al\u00e9m disso, lembrou que empresas como a Apple, que tamb\u00e9m depende de componentes chineses, registram queda nas a\u00e7\u00f5es ao anunciar lucro menor.<\/p>\n<p>&nbsp;<\/p>\n<p><span style=\"font-weight: 400\">&#8220;Tudo isso \u00e9 muito r<\/span><span style=\"font-weight: 400\">uim para o Brasil, porque a retomada da economia depende do setor externo e j\u00e1 tivemos um sinal de alerta que foi o resultado da balan\u00e7a comercial negativa em janeiro. Vamos ter que rezar para que isso acabe r\u00e1pido&#8221;, alertou.\u00a0<\/span><\/p>\n<p>&nbsp;<\/p>\n<p>Vale a pena lembrar que as proje\u00e7\u00f5es de crescimento da economia brasileira em 2020 j\u00e1 est\u00e3o descendo ladeira abaixo. Ontem, o Boletim Focus, do Banco Central, mostrou que a mediana das previs\u00f5es dos economistas do mercado foi reduzida de 2,30%, na semana passada, para 2,23%, nesta semana. Segundo analistas, daqui para frente, vai ser dif\u00edcil para o Produto Interno Bruto (PIB) conseguir crescer 2% neste ano. A falta de foco nas prioridades e o impasse na agenda econ\u00f4mica p\u00f3s-reforma da Previd\u00eancia \u00e9 um dos motivos desse aumento no desalento que come\u00e7a a dar sinais mais significativos em meio \u00e0 desacelera\u00e7\u00e3o global.<\/p>\n<p>&nbsp;<\/p>\n<p>&#8220;O\u00a0<span style=\"font-weight: 400\">importante \u00e9 voltar a ter um crescimento parrudo para recuperar emprego e recuperar consumo e a economia voltar a andar e construir investimento de longo prazo sem percal\u00e7os daqui para frente. Mas isso s\u00f3 vai acontecer se o governo conseguir avan\u00e7ar nas reformas. Sem elas, n\u00e3o adianta&#8221;, completou Galhardo.\u00a0<\/span><\/p>\n","protected":false},"excerpt":{"rendered":"<p>ROSANA HESSEL &nbsp; Enquanto o presidente Jair Bolsonaro prefere destilar veneno contra jornalistas profissionais em vez de apresentar propostas para a retomada da economia, o d\u00f3lar dispara e rompe uma nova barreira, de R$ 4,35. A divisa norte-americana segue em alta de 0,55% nesta ter\u00e7a-feira (18\/02), em meio ao aumento das incertezas no mercado global [&hellip;]<\/p>\n","protected":false},"author":22,"featured_media":0,"comment_status":"open","ping_status":"closed","sticky":false,"template":"","format":"standard","meta":{"wpb_read_more":[],"footnotes":""},"categories":[600],"tags":[2554,849,343,589,58],"class_list":["post-12999","post","type-post","status-publish","format-standard","hentry","category-economia","tag-bolsonaro","tag-cambio","tag-dolar","tag-economia","tag-pib"],"_links":{"self":[{"href":"https:\/\/blogs2.correiobraziliense.com.br\/vicente\/wp-json\/wp\/v2\/posts\/12999","targetHints":{"allow":["GET"]}}],"collection":[{"href":"https:\/\/blogs2.correiobraziliense.com.br\/vicente\/wp-json\/wp\/v2\/posts"}],"about":[{"href":"https:\/\/blogs2.correiobraziliense.com.br\/vicente\/wp-json\/wp\/v2\/types\/post"}],"author":[{"embeddable":true,"href":"https:\/\/blogs2.correiobraziliense.com.br\/vicente\/wp-json\/wp\/v2\/users\/22"}],"replies":[{"embeddable":true,"href":"https:\/\/blogs2.correiobraziliense.com.br\/vicente\/wp-json\/wp\/v2\/comments?post=12999"}],"version-history":[{"count":1,"href":"https:\/\/blogs2.correiobraziliense.com.br\/vicente\/wp-json\/wp\/v2\/posts\/12999\/revisions"}],"predecessor-version":[{"id":13000,"href":"https:\/\/blogs2.correiobraziliense.com.br\/vicente\/wp-json\/wp\/v2\/posts\/12999\/revisions\/13000"}],"wp:attachment":[{"href":"https:\/\/blogs2.correiobraziliense.com.br\/vicente\/wp-json\/wp\/v2\/media?parent=12999"}],"wp:term":[{"taxonomy":"category","embeddable":true,"href":"https:\/\/blogs2.correiobraziliense.com.br\/vicente\/wp-json\/wp\/v2\/categories?post=12999"},{"taxonomy":"post_tag","embeddable":true,"href":"https:\/\/blogs2.correiobraziliense.com.br\/vicente\/wp-json\/wp\/v2\/tags?post=12999"}],"curies":[{"name":"wp","href":"https:\/\/api.w.org\/{rel}","templated":true}]}}