{"id":13,"date":"2015-01-17T00:01:00","date_gmt":"2015-01-17T02:01:00","guid":{"rendered":"https:\/\/blogs2.correiobraziliense.com.br\/vicente\/pressao_das_ruas\/"},"modified":"2015-01-17T00:01:00","modified_gmt":"2015-01-17T02:01:00","slug":"pressao_das_ruas","status":"publish","type":"post","link":"https:\/\/blogs2.correiobraziliense.com.br\/vicente\/pressao_das_ruas\/","title":{"rendered":"PRESS\u00c3O DAS RUAS"},"content":{"rendered":"\n<p>Uma ala do governo anda emitindo sinais de preocupa\u00e7\u00e3o ao Pal\u00e1cio do Planalto com os poss\u00edveis resultados do ajuste fiscal que o ministro da Fazenda, Joaquim Levy,&nbsp; prop\u00f4s-se a fazer. O temor \u00e9 de que, com a economia ficando estagnada pelo segundo ano consecutivo e a infla\u00e7\u00e3o disparando, puxada, principalmente, pelas tarifas p\u00fablicas, intensifique-se na classe m\u00e9dia o descontentamento com a presidente Dilma Rousseff. <\/p>\n<p>Nos relatos colhidos por esse grupo e repassados a assessores da presidente, as queixas s\u00e3o disseminadas. V\u00e3o da trai\u00e7\u00e3o de Dilma, que vendeu um pa\u00eds dos sonhos na campanha eleitoral, mas est\u00e1 entregando uma fatura que a popula\u00e7\u00e3o n\u00e3o est\u00e1 disposta da pagar, ao medo do desemprego. As reclama\u00e7\u00f5es s\u00e3o mais fortes nas regi\u00f5es metropolitanas do pa\u00eds, onde as informa\u00e7\u00f5es sobre reajustes da conta de luz e de aumentos de impostos se espalham como rastilho de p\u00f3lvora. <\/p>\n<p>A grande preocupa\u00e7\u00e3o \u00e9 de que, diante dos pesados aumentos de pre\u00e7os que est\u00e3o por vir, voltem a surgir protestos como os de 2013. Em S\u00e3o Paulo, ainda que longe da for\u00e7a demostrada dois anos atr\u00e1s, o Movimento Passe Livre, que combate o aumento de passagens de \u00f4nibus, est\u00e1 indo \u00e0s ruas e engordando o n\u00famero de ades\u00f5es. Os movimentos sociais acabaram perdendo for\u00e7a. Mas, com a infla\u00e7\u00e3o de 7% corroendo o poder de compra das fam\u00edlias e as demiss\u00f5es batendo \u00e0 porta de muitos trabalhadores, n\u00e3o h\u00e1 como o governo baixar a guarda. J\u00e1 admite, inclusive, queda da popularidade de Dilma nos pr\u00f3ximos meses. <\/p>\n<p>Na opini\u00e3o do economista S\u00edlvio Campos Neto, da Tend\u00eancias Consultoria, \u00e9 compreens\u00edvel que a maior parte da popula\u00e7\u00e3o n\u00e3o entenda as medidas de ajustes da economia que est\u00e3o sendo anunciadas por Levy. Primeiro, porque, ao longo de muito tempo, o governo negou que seria necess\u00e1rio adot\u00e1-las. Segundo, porque o Planalto n\u00e3o tem interesse em explic\u00e1-las, pois teria que admitir todos os erros cometidos nos \u00faltimos quatro anos. <\/p>\n<p>\u201cOs ajustes prometidos pelo ministro da Fazenda s\u00e3o muito importantes para que o pa\u00eds retome o crescimento com a infla\u00e7\u00e3o sob controle\u201d, diz S\u00edlvio. \u201cO mercado sabe disso. Mas o cidad\u00e3o comum n\u00e3o consegue entender o motivo de a conta de luz estar ficando t\u00e3o cara e de a passagem de \u00f4nibus subir. Essas despesas comprometem muito o or\u00e7amento das fam\u00edlias, que j\u00e1 \u00e9 apertado. A sensa\u00e7\u00e3o \u00e9 de que tudo est\u00e1 piorando\u201d, acrescenta. \u201cNesse contexto, a ansiedade aumenta.\u201d <\/p>\n<p>Essa quest\u00e3o social, por sinal, est\u00e1 sendo monitorada com lupa pelo mercado. Todos querem saber para que lado Dilma pender\u00e1 quando o desemprego aumentar e as ruas estiverem tomadas por protestos. Manter\u00e1 total apoio \u00e0 equipe econ\u00f4mica chefiada por Levy ou se render\u00e1 ao grupo petista que n\u00e3o esconde o rancor de ver um ex-colaborador de A\u00e9cio Neves sentado na cadeira mais importante da Esplanada dos Minist\u00e9rios? <\/p>\n<p><b>Produ\u00e7\u00e3o no limbo<\/b> <\/p>\n<p>O Banco ABC Brasil est\u00e1 pessimista em rela\u00e7\u00e3o ao comportamento da ind\u00fastria. Prev\u00ea queda de 2,8% na produ\u00e7\u00e3o em dezembro ante o m\u00eas anterior e de 3% em 2014. Com isso, revisou novamente para baixo a previs\u00e3o de crescimento do Produto Interno Bruto (PIB) no ano passado, agora entre 0% e 0,1%. <\/p>\n<p><b>Ressaca nas montadoras<\/b> <\/p>\n<p>O clima est\u00e1 azedo entre as montadoras. Al\u00e9m de colecionarem uma s\u00e9rie de n\u00e3os do governo nas \u00faltimas semanas, est\u00e3o prevendo uma ressaca nas vendas quando a quarta-feira de cinzas chegar. A corrida que se viu no fim de dezembro e no in\u00edcio de janeiro foi motivada pelo estoque de ve\u00edculos com IPI reduzido. <\/p>\n<p><b>Boquinha para Granjeiro<\/b> <\/p>\n<p>Os concurseiros est\u00e3o em polvorosa. N\u00e3o se conformam com o fato de Wilson Granjeiro, dono da rede de cursinhos Gran Cursos, ter assumido um cargo comissionado no Governo do Distrito Federal. Ele sempre pregou o fim das fun\u00e7\u00f5es ocupadas por indicados pol\u00edticos, alegando que elas tiravam o lugar de pessoas aprovadas em concurso. O empres\u00e1rio ser\u00e1 diretor executivo da Escola do Governo da Secretaria de Estado de Gest\u00e3o Administrativa e Desburocratiza\u00e7\u00e3o do Distrito Federal.<b> <\/p>\n<p><\/b><b>Boquinha para a mulher de Granjeiro<\/b> <\/p>\n<p>A raiva dos concurseiros \u00e9 maior porque a mulher de Granjeiro, Ivonete, tamb\u00e9m foi agraciada com uma boquinha no GDF. Ela assumiu o pomposo cargo de assessora especial da Diretoria de Acompanhamento e Avalia\u00e7\u00e3o da subchefia de Acompanhamento de A\u00e7\u00f5es de Governo da chefia adjunta de Articula\u00e7\u00e3o e Coordena\u00e7\u00e3o da Casa Civil.&nbsp;<b>Boa a\u00e7\u00e3o chegar\u00e1 \u00e0 UnB<\/b> <\/p>\n<p>A Motorola Foundation investiu US$ 160 mil no Brasil, beneficiando mais de 15 mil pessoas por meio da concess\u00e3o de bolsas estrat\u00e9gicas e parcerias. O objetivo \u00e9 aliar tecnologia e educa\u00e7\u00e3o para a inclus\u00e3o digital e a inova\u00e7\u00e3o nas comunidades em que a empresa opera. Neste ano, a parceria ser\u00e1 estendida \u00e0 Universidade de Bras\u00edlia (UnB). <\/p>\n<p><i>Bras\u00edlia, 00h01min<\/i>   <\/p>\n","protected":false},"excerpt":{"rendered":"<p>Uma ala do governo anda emitindo sinais de preocupa\u00e7\u00e3o ao Pal\u00e1cio do Planalto com os poss\u00edveis resultados do ajuste fiscal que o ministro da Fazenda, Joaquim Levy,&nbsp; prop\u00f4s-se a fazer. O temor \u00e9 de que, com a economia ficando estagnada pelo segundo ano consecutivo e a infla\u00e7\u00e3o disparando, puxada, principalmente, pelas tarifas p\u00fablicas, intensifique-se na [&hellip;]<\/p>\n","protected":false},"author":22,"featured_media":0,"comment_status":"open","ping_status":"open","sticky":false,"template":"","format":"standard","meta":{"wpb_read_more":[],"footnotes":""},"categories":[1],"tags":[],"class_list":["post-13","post","type-post","status-publish","format-standard","hentry","category-sem-categoria"],"_links":{"self":[{"href":"https:\/\/blogs2.correiobraziliense.com.br\/vicente\/wp-json\/wp\/v2\/posts\/13","targetHints":{"allow":["GET"]}}],"collection":[{"href":"https:\/\/blogs2.correiobraziliense.com.br\/vicente\/wp-json\/wp\/v2\/posts"}],"about":[{"href":"https:\/\/blogs2.correiobraziliense.com.br\/vicente\/wp-json\/wp\/v2\/types\/post"}],"author":[{"embeddable":true,"href":"https:\/\/blogs2.correiobraziliense.com.br\/vicente\/wp-json\/wp\/v2\/users\/22"}],"replies":[{"embeddable":true,"href":"https:\/\/blogs2.correiobraziliense.com.br\/vicente\/wp-json\/wp\/v2\/comments?post=13"}],"version-history":[{"count":0,"href":"https:\/\/blogs2.correiobraziliense.com.br\/vicente\/wp-json\/wp\/v2\/posts\/13\/revisions"}],"wp:attachment":[{"href":"https:\/\/blogs2.correiobraziliense.com.br\/vicente\/wp-json\/wp\/v2\/media?parent=13"}],"wp:term":[{"taxonomy":"category","embeddable":true,"href":"https:\/\/blogs2.correiobraziliense.com.br\/vicente\/wp-json\/wp\/v2\/categories?post=13"},{"taxonomy":"post_tag","embeddable":true,"href":"https:\/\/blogs2.correiobraziliense.com.br\/vicente\/wp-json\/wp\/v2\/tags?post=13"}],"curies":[{"name":"wp","href":"https:\/\/api.w.org\/{rel}","templated":true}]}}