{"id":13001,"date":"2020-02-19T09:13:00","date_gmt":"2020-02-19T12:13:00","guid":{"rendered":"https:\/\/blogs2.correiobraziliense.com.br\/vicente\/?p=13001"},"modified":"2020-02-19T12:34:00","modified_gmt":"2020-02-19T15:34:00","slug":"se-bolsonaro-acatar-reforma-administrativa-pegara-servidores-dos-tres-poderes","status":"publish","type":"post","link":"https:\/\/blogs2.correiobraziliense.com.br\/vicente\/se-bolsonaro-acatar-reforma-administrativa-pegara-servidores-dos-tres-poderes\/","title":{"rendered":"Se Bolsonaro acatar, reforma administrativa pegar\u00e1 servidores dos tr\u00eas Poderes"},"content":{"rendered":"<h2>O presidente Jair Bolsonaro est\u00e1 fazendo as \u00faltimas avalia\u00e7\u00f5es sobre o projeto para a reforma administrativa. Caso acate as sugest\u00f5es da equipe econ\u00f4mica, a Proposta de Emenda \u00e0 Constitui\u00e7\u00e3o (PEC) que ser\u00e1 encaminhada \u00e0 C\u00e2mara pegar\u00e1 servidores dos Tr\u00eas Poderes.<\/h2>\n<p>&nbsp;<\/p>\n<p>T\u00e9cnicos da equipe econ\u00f4mica explicam que, at\u00e9 bem pouco tempo, o consenso era de que servidores do Legislativo e do Judici\u00e1rio n\u00e3o seriam alcan\u00e7ados pela reforma. Mas se decidiu por inclui-los no projeto que foi entregue ao presidente.<\/p>\n<p>&nbsp;<\/p>\n<p>Os t\u00e9cnicos reconhecem, por\u00e9m, que ser\u00e1 dif\u00edcil a reforma atingir plenamente os servidores do Legislativo e do Judici\u00e1rio, mas o importante \u00e9 que servir\u00e1 de par\u00e2metro para que os dois Poderes possam adequar suas regras \u00e0s vigentes no Executivo depois de aprovados os ajustes. Ju\u00edzes e deputados devem ficar de fora de qualquer mudan\u00e7a.<\/p>\n<p>&nbsp;<\/p>\n<p><strong>Bom exemplo<\/strong><\/p>\n<p>&nbsp;<\/p>\n<p>A equipe de Paulo Guedes diz que todos os servidores deveriam entrar na reforma administrativa, mesmo magistrados e parlamentares, de forma a dar um bom exemplo \u00e0 na\u00e7\u00e3o, de que n\u00e3o se est\u00e1 mantendo privil\u00e9gios. Se \u00e9 para acabar com vantagens, que elas acabem para todos.<\/p>\n<p>&nbsp;<\/p>\n<p>O problema \u00e9 que a pol\u00edtica est\u00e1 falando mais alto. E n\u00e3o se sabe at\u00e9 que ponto Bolsonaro est\u00e1 disposto a comprar a reforma por completo. Estrategicamente, a equipe de Guedes tratou alguns pontos da reforma de forma gen\u00e9rica, para que possam sem regulamentados por lei.<\/p>\n<p>&nbsp;<\/p>\n<p>A reforma administrativa, asseguram assessores de Guedes, s\u00f3 avan\u00e7ou nos \u00faltimos dias, depois da press\u00e3o do ministro, que demonstrou ao presidente todo o seu descontentamento com a demora para o andamento de ajustes necess\u00e1rios na m\u00e1quina p\u00fablica. Por isso, Bolsonaro falou que Guedes ficar\u00e1 no cargo at\u00e9 o final do governo, mesmo sem ter sido questionado sobre o tema.<\/p>\n<p>&nbsp;<\/p>\n<p>A torcida no Minist\u00e9rio da Economia \u00e9 para que Bolsonaro interfira o menos poss\u00edvel no projeto de reforma administrativa, para que a PEC possa ser encaminhada rapidamente ao Legislativo. Os investidores est\u00e3o ansiosos para que Paulo Guedes d\u00ea demonstra\u00e7\u00e3o de for\u00e7a. A vis\u00e3o \u00e9 de que ele est\u00e1 tendo as m\u00e3os atadas pela pol\u00edtica. E isso \u00e9 ruim para a economia.<\/p>\n<p>&nbsp;<\/p>\n<p><em>Bras\u00edlia, 09h13min<\/em><\/p>\n","protected":false},"excerpt":{"rendered":"<p>O presidente Jair Bolsonaro est\u00e1 fazendo as \u00faltimas avalia\u00e7\u00f5es sobre o projeto para a reforma administrativa. Caso acate as sugest\u00f5es da equipe econ\u00f4mica, a Proposta de Emenda \u00e0 Constitui\u00e7\u00e3o (PEC) que ser\u00e1 encaminhada \u00e0 C\u00e2mara pegar\u00e1 servidores dos Tr\u00eas Poderes. &nbsp; T\u00e9cnicos da equipe econ\u00f4mica explicam que, at\u00e9 bem pouco tempo, o consenso era de [&hellip;]<\/p>\n","protected":false},"author":22,"featured_media":10126,"comment_status":"open","ping_status":"closed","sticky":false,"template":"","format":"standard","meta":{"wpb_read_more":[],"footnotes":""},"categories":[600],"tags":[4245,2554,4439,614,123],"class_list":["post-13001","post","type-post","status-publish","format-standard","has-post-thumbnail","hentry","category-economia","tag-administrativa","tag-bolsonaro","tag-legislativo-e-judiciario","tag-reforma","tag-servidores"],"_links":{"self":[{"href":"https:\/\/blogs2.correiobraziliense.com.br\/vicente\/wp-json\/wp\/v2\/posts\/13001","targetHints":{"allow":["GET"]}}],"collection":[{"href":"https:\/\/blogs2.correiobraziliense.com.br\/vicente\/wp-json\/wp\/v2\/posts"}],"about":[{"href":"https:\/\/blogs2.correiobraziliense.com.br\/vicente\/wp-json\/wp\/v2\/types\/post"}],"author":[{"embeddable":true,"href":"https:\/\/blogs2.correiobraziliense.com.br\/vicente\/wp-json\/wp\/v2\/users\/22"}],"replies":[{"embeddable":true,"href":"https:\/\/blogs2.correiobraziliense.com.br\/vicente\/wp-json\/wp\/v2\/comments?post=13001"}],"version-history":[{"count":1,"href":"https:\/\/blogs2.correiobraziliense.com.br\/vicente\/wp-json\/wp\/v2\/posts\/13001\/revisions"}],"predecessor-version":[{"id":13002,"href":"https:\/\/blogs2.correiobraziliense.com.br\/vicente\/wp-json\/wp\/v2\/posts\/13001\/revisions\/13002"}],"wp:featuredmedia":[{"embeddable":true,"href":"https:\/\/blogs2.correiobraziliense.com.br\/vicente\/wp-json\/wp\/v2\/media\/10126"}],"wp:attachment":[{"href":"https:\/\/blogs2.correiobraziliense.com.br\/vicente\/wp-json\/wp\/v2\/media?parent=13001"}],"wp:term":[{"taxonomy":"category","embeddable":true,"href":"https:\/\/blogs2.correiobraziliense.com.br\/vicente\/wp-json\/wp\/v2\/categories?post=13001"},{"taxonomy":"post_tag","embeddable":true,"href":"https:\/\/blogs2.correiobraziliense.com.br\/vicente\/wp-json\/wp\/v2\/tags?post=13001"}],"curies":[{"name":"wp","href":"https:\/\/api.w.org\/{rel}","templated":true}]}}