{"id":13005,"date":"2020-02-19T13:04:28","date_gmt":"2020-02-19T16:04:28","guid":{"rendered":"https:\/\/blogs2.correiobraziliense.com.br\/vicente\/?p=13005"},"modified":"2020-02-19T14:40:14","modified_gmt":"2020-02-19T17:40:14","slug":"mercado-que-apoia-o-governo-ja-ve-crescimento-de-apenas-15-neste-ano","status":"publish","type":"post","link":"https:\/\/blogs2.correiobraziliense.com.br\/vicente\/mercado-que-apoia-o-governo-ja-ve-crescimento-de-apenas-15-neste-ano\/","title":{"rendered":"Mercado, que apoia o governo, j\u00e1 v\u00ea crescimento de apenas 1,5% neste ano"},"content":{"rendered":"<h2>Apesar de todo o apoio que vem demonstrando ao governo, o mercado financeiro j\u00e1 admite que o crescimento deste ano ser\u00e1 bem menor do que previa \u2014 e gostaria. Bancos como o BNP Paribas falam que o Produto Interno Bruto (PIB) de 2020 crescer\u00e1 apenas 1,5%, com vi\u00e9s de baixa.<\/h2>\n<p>&nbsp;<\/p>\n<p>Os analistas mais p\u00e9s no ch\u00e3o admitem que o governo est\u00e1 metendo os p\u00e9s pelas m\u00e3os ao criar uma crise atr\u00e1s da outra. Em vez de se concentrar em uma agenda positiva, que motive o empresariado a tirar das gavetas projetos para amplia\u00e7\u00e3o de f\u00e1bricas e de empregos, o governo provoca tumulto.<\/p>\n<p>&nbsp;<\/p>\n<p>O clima de hostilidade liderado pelo presidente Jair Bolsonaro tem incomodado tanto o capital, que nem mesmo o ministro da Economia, Paulo Guedes, visto como esteio da estabilidade, est\u00e1 sendo poupado de cr\u00edticas pelo empresariado. Para eles, Guedes se deixou dominar por sua vis\u00e3o ideol\u00f3gica.<\/p>\n<p>&nbsp;<\/p>\n<p><strong>Realidade<\/strong><\/p>\n<p>&nbsp;<\/p>\n<p>Entre os economistas \u2014 pelo menos entre os que n\u00e3o se deixam enganar \u2014, o governo praticamente est\u00e1 enterrando 2020. A perspectiva era de que esse primeiro trimestre do ano fosse de grandes an\u00fancios de investimentos, mas o que se est\u00e1 vendo \u00e9 um clima de perplexidade e de adiamento de projetos.<\/p>\n<p>&nbsp;<\/p>\n<p>&#8220;O discurso governamental est\u00e1 beligerante demais. A percep\u00e7\u00e3o que se formou em boa parte dos empres\u00e1rios \u00e9 que Bolsonaro decidiu governar apenas para os eleitores mais radicais, que lhe garantem cerca de 20% dos votos&#8221;, diz o presidente de uma das maiores empresas do pa\u00eds.<\/p>\n<p>&nbsp;<\/p>\n<p>Tanto \u00e9 que os ministros mais ideol\u00f3gicos, como os da Educa\u00e7\u00e3o (Abrahan Weintraub), do Meio Ambiente (Ricardo Salles) e dos Direitos Humanos (Damares Alves), s\u00e3o considerados intoc\u00e1veis, pois conseguem movimentar esse eleitorado radical nas redes sociais.<\/p>\n<p>&nbsp;<\/p>\n<p><strong>Radicalismo<\/strong><\/p>\n<p>&nbsp;<\/p>\n<p>A preocupa\u00e7\u00e3o de empres\u00e1rios e economistas \u00e9 compreens\u00edvel. Nesse contexto de tanto radicalismo fica dif\u00edcil levar adiante a agenda econ\u00f4mica. O Banco Central tem tentado furar essa bolha do radicalismo. Reduziu a taxa b\u00e1sica de juros (Selic) ao menor n\u00edvel da hist\u00f3ria, 4,25% ao ano, e vem estimulando o barateamento do cr\u00e9dito por meio de v\u00e1rios instrumentos.<\/p>\n<p>&nbsp;<\/p>\n<p>Mas nada do que tem feito o BC parece surtir efeito para reativar o PIB. Pelo contr\u00e1rio. Semana ap\u00f3s semanas, os analistas jogam para baixo as estimativas para o crescimento econ\u00f4mico. O quadro \u00e9 t\u00e3o dram\u00e1tico que o mercado voltou a cogitar novos cortes na Selic, alegando que a atividade precisa de mais est\u00edmulo.<\/p>\n<p>&nbsp;<\/p>\n<p>Os defensores de juros mais baixos ressalvam que a infla\u00e7\u00e3o est\u00e1 no ch\u00e3o e que, mesmo com a disparada do d\u00f3lar, que encosta no R$ 4,38, novo recorde, n\u00e3o h\u00e1 risco de o custo de vida pressionar o Banco Central.\u00a0Enfim, o mesmo governo que prometeu impulsionar a economia e criar mais empregos \u00e9 o mesmo que est\u00e1 contribuindo para derrubar a produ\u00e7\u00e3o e o consumo.<\/p>\n<p>&nbsp;<\/p>\n<p>Seria de bom tom, portanto, que Bolsonaro e seus filhos, especialmente o deputado Eduardo, tomassem ju\u00edzo. Por enquanto, o governo tem o aval dos agentes econ\u00f4micos. Mas esse apoio pode virar p\u00f3 rapidamente. E n\u00e3o tem governo que se segure sem o suporte dos donos do dinheiro.<\/p>\n<p>&nbsp;<\/p>\n<p><em>Bras\u00edlia, 13h04min<\/em><\/p>\n","protected":false},"excerpt":{"rendered":"<p>Apesar de todo o apoio que vem demonstrando ao governo, o mercado financeiro j\u00e1 admite que o crescimento deste ano ser\u00e1 bem menor do que previa \u2014 e gostaria. Bancos como o BNP Paribas falam que o Produto Interno Bruto (PIB) de 2020 crescer\u00e1 apenas 1,5%, com vi\u00e9s de baixa. &nbsp; Os analistas mais p\u00e9s [&hellip;]<\/p>\n","protected":false},"author":22,"featured_media":12303,"comment_status":"open","ping_status":"closed","sticky":false,"template":"","format":"standard","meta":{"wpb_read_more":[],"footnotes":""},"categories":[600],"tags":[2554,113,467,753,3613,58],"class_list":["post-13005","post","type-post","status-publish","format-standard","has-post-thumbnail","hentry","category-economia","tag-bolsonaro","tag-crescimento","tag-governo","tag-mercado","tag-paulo-guedes","tag-pib"],"_links":{"self":[{"href":"https:\/\/blogs2.correiobraziliense.com.br\/vicente\/wp-json\/wp\/v2\/posts\/13005","targetHints":{"allow":["GET"]}}],"collection":[{"href":"https:\/\/blogs2.correiobraziliense.com.br\/vicente\/wp-json\/wp\/v2\/posts"}],"about":[{"href":"https:\/\/blogs2.correiobraziliense.com.br\/vicente\/wp-json\/wp\/v2\/types\/post"}],"author":[{"embeddable":true,"href":"https:\/\/blogs2.correiobraziliense.com.br\/vicente\/wp-json\/wp\/v2\/users\/22"}],"replies":[{"embeddable":true,"href":"https:\/\/blogs2.correiobraziliense.com.br\/vicente\/wp-json\/wp\/v2\/comments?post=13005"}],"version-history":[{"count":2,"href":"https:\/\/blogs2.correiobraziliense.com.br\/vicente\/wp-json\/wp\/v2\/posts\/13005\/revisions"}],"predecessor-version":[{"id":13007,"href":"https:\/\/blogs2.correiobraziliense.com.br\/vicente\/wp-json\/wp\/v2\/posts\/13005\/revisions\/13007"}],"wp:featuredmedia":[{"embeddable":true,"href":"https:\/\/blogs2.correiobraziliense.com.br\/vicente\/wp-json\/wp\/v2\/media\/12303"}],"wp:attachment":[{"href":"https:\/\/blogs2.correiobraziliense.com.br\/vicente\/wp-json\/wp\/v2\/media?parent=13005"}],"wp:term":[{"taxonomy":"category","embeddable":true,"href":"https:\/\/blogs2.correiobraziliense.com.br\/vicente\/wp-json\/wp\/v2\/categories?post=13005"},{"taxonomy":"post_tag","embeddable":true,"href":"https:\/\/blogs2.correiobraziliense.com.br\/vicente\/wp-json\/wp\/v2\/tags?post=13005"}],"curies":[{"name":"wp","href":"https:\/\/api.w.org\/{rel}","templated":true}]}}