{"id":13008,"date":"2020-02-19T14:52:56","date_gmt":"2020-02-19T17:52:56","guid":{"rendered":"https:\/\/blogs2.correiobraziliense.com.br\/vicente\/?p=13008"},"modified":"2020-02-19T16:17:05","modified_gmt":"2020-02-19T19:17:05","slug":"em-meio-a-greve-de-petroleiros-gasolina-fica-r-020-mais-barata","status":"publish","type":"post","link":"https:\/\/blogs2.correiobraziliense.com.br\/vicente\/em-meio-a-greve-de-petroleiros-gasolina-fica-r-020-mais-barata\/","title":{"rendered":"Em meio \u00e0 greve de petroleiros, gasolina fica R$ 0,20 mais barata"},"content":{"rendered":"<h2>Mesmo com a greve dos petroleiros no 19\u00ba dia e com o medo de desabastecimento latente, v\u00e1rios postos do Distrito Federal decidiram dar um al\u00edvio aos consumidores \u00e0s v\u00e9speras do carnaval: cortaram os pre\u00e7os da gasolina, na media, em R$ 0,20 por litro.<\/h2>\n<p>&nbsp;<\/p>\n<p>Segundo Paulo Tavares, presidente do\u00a0Sindicato do Com\u00e9rcio Varejista de Combust\u00edveis e de Lubrificantes do Distrito Federal (Sindicombust\u00edveis-DF), os postos voltaram &#8220;a fazer uma guerra de pre\u00e7os&#8221;, mesmo operando com preju\u00edzos ou com margens muito pequenas de lucro.<\/p>\n<p>&nbsp;<\/p>\n<p>Ele n\u00e3o sabe dizer se esse movimento deve entrar carnaval adentro, mas afirma que a guerra de pre\u00e7os \u00e9 boa para os motoristas, mas ruim para o setor, uma vez que v\u00e1rios estabelecimentos enfrentam dificuldades de caixa.<\/p>\n<p>&nbsp;<\/p>\n<p><strong>No SIG<\/strong><\/p>\n<p>&nbsp;<\/p>\n<p>No Setor de Ind\u00fastrias Gr\u00e1ficas (SIG), dois postos vizinhos, que, diariamente, brigam pelos consumidores, reduziram o valor da gasolina na bomba de R$ 4,57 para R$ 4,37 o litro. &#8220;Para mim, foi \u00f3timo. Estava com o tanque vazio e n\u00e3o contava com esse pre\u00e7o mais baixo&#8221;, diz a vendedora L\u00facia Cavalcanti, 37 anos.<\/p>\n<p>&nbsp;<\/p>\n<p>Tavares recomenda que os postos fiquem atentos a seus estoques. &#8220;A greve dos petroleiros nos preocupa muito&#8221;, frisa. Em v\u00e1rios v\u00eddeos divulgados nas redes sociais, os petroleiros alardeiam que j\u00e1 faltar\u00e1 gasolina no carnaval em v\u00e1rios pontos do pa\u00eds.<\/p>\n<p>&nbsp;<\/p>\n<p>A Petrobras rebate essas declara\u00e7\u00f5es e garante que h\u00e1 estoques suficientes para abastecer os postos. O mesmo ressalta a Ag\u00eancia Nacional de Petr\u00f3leo (ANP). De qualquer forma, o representante do Sindicombust\u00edveis-Df ressalta que todo cuidado \u00e9 pouco.<\/p>\n<p>&nbsp;<\/p>\n<p><strong>Nos tribunais<\/strong><\/p>\n<p>&nbsp;<\/p>\n<p>A greve dos petroleiros foi parar no Tribunal Superior do Trabalho (TST), que a considerou ilegal. A Corte, no entanto, diz que est\u00e1 disposta a dialogar com os petroleiros e com a Petrobras para tentar mediar os conflitos e evitar o pior.<\/p>\n<p>&nbsp;<\/p>\n<p>Entre os consumidores, s\u00e3o os pre\u00e7os mais baixos o que importa neste momento. &#8220;A gasolina est\u00e1 cara demais. Acho um absurdo um valor acima de R$ 4 por litro&#8221;, destaca Welber Luiz, 41, motorista de aplicativos. &#8220;Meu bolso agradece qualquer recuo de pre\u00e7o&#8221;, emenda.<\/p>\n<p>&nbsp;<\/p>\n<p><em>Bras\u00edlia, 14h52min<\/em><\/p>\n","protected":false},"excerpt":{"rendered":"<p>Mesmo com a greve dos petroleiros no 19\u00ba dia e com o medo de desabastecimento latente, v\u00e1rios postos do Distrito Federal decidiram dar um al\u00edvio aos consumidores \u00e0s v\u00e9speras do carnaval: cortaram os pre\u00e7os da gasolina, na media, em R$ 0,20 por litro. &nbsp; Segundo Paulo Tavares, presidente do\u00a0Sindicato do Com\u00e9rcio Varejista de Combust\u00edveis e [&hellip;]<\/p>\n","protected":false},"author":22,"featured_media":12528,"comment_status":"open","ping_status":"closed","sticky":false,"template":"","format":"standard","meta":{"wpb_read_more":[],"footnotes":""},"categories":[600],"tags":[3138,999,268,347,1853,269,279],"class_list":["post-13008","post","type-post","status-publish","format-standard","has-post-thumbnail","hentry","category-economia","tag-carnaval","tag-desabastecimento","tag-gasolina","tag-greve","tag-petroleiros","tag-preco","tag-queda"],"_links":{"self":[{"href":"https:\/\/blogs2.correiobraziliense.com.br\/vicente\/wp-json\/wp\/v2\/posts\/13008","targetHints":{"allow":["GET"]}}],"collection":[{"href":"https:\/\/blogs2.correiobraziliense.com.br\/vicente\/wp-json\/wp\/v2\/posts"}],"about":[{"href":"https:\/\/blogs2.correiobraziliense.com.br\/vicente\/wp-json\/wp\/v2\/types\/post"}],"author":[{"embeddable":true,"href":"https:\/\/blogs2.correiobraziliense.com.br\/vicente\/wp-json\/wp\/v2\/users\/22"}],"replies":[{"embeddable":true,"href":"https:\/\/blogs2.correiobraziliense.com.br\/vicente\/wp-json\/wp\/v2\/comments?post=13008"}],"version-history":[{"count":1,"href":"https:\/\/blogs2.correiobraziliense.com.br\/vicente\/wp-json\/wp\/v2\/posts\/13008\/revisions"}],"predecessor-version":[{"id":13009,"href":"https:\/\/blogs2.correiobraziliense.com.br\/vicente\/wp-json\/wp\/v2\/posts\/13008\/revisions\/13009"}],"wp:featuredmedia":[{"embeddable":true,"href":"https:\/\/blogs2.correiobraziliense.com.br\/vicente\/wp-json\/wp\/v2\/media\/12528"}],"wp:attachment":[{"href":"https:\/\/blogs2.correiobraziliense.com.br\/vicente\/wp-json\/wp\/v2\/media?parent=13008"}],"wp:term":[{"taxonomy":"category","embeddable":true,"href":"https:\/\/blogs2.correiobraziliense.com.br\/vicente\/wp-json\/wp\/v2\/categories?post=13008"},{"taxonomy":"post_tag","embeddable":true,"href":"https:\/\/blogs2.correiobraziliense.com.br\/vicente\/wp-json\/wp\/v2\/tags?post=13008"}],"curies":[{"name":"wp","href":"https:\/\/api.w.org\/{rel}","templated":true}]}}