{"id":1312,"date":"2016-06-07T14:32:31","date_gmt":"2016-06-07T17:32:31","guid":{"rendered":"https:\/\/blogs2.correiobraziliense.com.br\/vicente\/?p=1312"},"modified":"2016-06-07T15:18:53","modified_gmt":"2016-06-07T18:18:53","slug":"ilan-goldfajn-e-aprovado-pela-cae","status":"publish","type":"post","link":"https:\/\/blogs2.correiobraziliense.com.br\/vicente\/ilan-goldfajn-e-aprovado-pela-cae\/","title":{"rendered":"Ilan Goldfajn \u00e9 aprovado pela CAE"},"content":{"rendered":"<p>POR ANTONIO TEM\u00d3TEO<\/p>\n<p>&nbsp;<\/p>\n<p>Ilan Goldfajn recebeu o aval da Comiss\u00e3o de Assuntos Econ\u00f4micos (CAE) do Senado Federal para presidir o Banco Central. Ele foi indicado para o posto pelo presidente interino, Michel Temer, e recebeu 19 votos favor\u00e1veis e oito contra.<\/p>\n<p>&nbsp;<\/p>\n<p>Goldfajn ainda precisa que Senado vote sua indica\u00e7\u00e3o em plen\u00e1rio. A d\u00favida \u00e9 se isso ocorrer\u00e1 ainda hoje, j\u00e1 que o presidente da Casa, Renan Calheiros (PMDB-AL), figura entre os pol\u00edticos que podem ser presos caso o Supremo Tribunal Federal (STF) acate pedido do procurador-geral da Rep\u00fablica, Rodrigo Janot.<\/p>\n<p>&nbsp;<\/p>\n<p>Renan havia se comprometido a votar em plen\u00e1rio a indica\u00e7\u00e3o de Goldfajn no mesmo dia em que a CAE desse parecer sobre o tema. Com a grave crise instalada em Bras\u00edlia, assessores do BC temem que isso n\u00e3o ocorra nesta ter\u00e7a-feira.<\/p>\n<p>&nbsp;<\/p>\n","protected":false},"excerpt":{"rendered":"<p>POR ANTONIO TEM\u00d3TEO &nbsp; Ilan Goldfajn recebeu o aval da Comiss\u00e3o de Assuntos Econ\u00f4micos (CAE) do Senado Federal para presidir o Banco Central. Ele foi indicado para o posto pelo presidente interino, Michel Temer, e recebeu 19 votos favor\u00e1veis e oito contra. &nbsp; Goldfajn ainda precisa que Senado vote sua indica\u00e7\u00e3o em plen\u00e1rio. A d\u00favida [&hellip;]<\/p>\n","protected":false},"author":22,"featured_media":0,"comment_status":"open","ping_status":"closed","sticky":false,"template":"","format":"standard","meta":{"wpb_read_more":[],"footnotes":""},"categories":[1],"tags":[],"class_list":["post-1312","post","type-post","status-publish","format-standard","hentry","category-sem-categoria"],"_links":{"self":[{"href":"https:\/\/blogs2.correiobraziliense.com.br\/vicente\/wp-json\/wp\/v2\/posts\/1312","targetHints":{"allow":["GET"]}}],"collection":[{"href":"https:\/\/blogs2.correiobraziliense.com.br\/vicente\/wp-json\/wp\/v2\/posts"}],"about":[{"href":"https:\/\/blogs2.correiobraziliense.com.br\/vicente\/wp-json\/wp\/v2\/types\/post"}],"author":[{"embeddable":true,"href":"https:\/\/blogs2.correiobraziliense.com.br\/vicente\/wp-json\/wp\/v2\/users\/22"}],"replies":[{"embeddable":true,"href":"https:\/\/blogs2.correiobraziliense.com.br\/vicente\/wp-json\/wp\/v2\/comments?post=1312"}],"version-history":[{"count":3,"href":"https:\/\/blogs2.correiobraziliense.com.br\/vicente\/wp-json\/wp\/v2\/posts\/1312\/revisions"}],"predecessor-version":[{"id":1316,"href":"https:\/\/blogs2.correiobraziliense.com.br\/vicente\/wp-json\/wp\/v2\/posts\/1312\/revisions\/1316"}],"wp:attachment":[{"href":"https:\/\/blogs2.correiobraziliense.com.br\/vicente\/wp-json\/wp\/v2\/media?parent=1312"}],"wp:term":[{"taxonomy":"category","embeddable":true,"href":"https:\/\/blogs2.correiobraziliense.com.br\/vicente\/wp-json\/wp\/v2\/categories?post=1312"},{"taxonomy":"post_tag","embeddable":true,"href":"https:\/\/blogs2.correiobraziliense.com.br\/vicente\/wp-json\/wp\/v2\/tags?post=1312"}],"curies":[{"name":"wp","href":"https:\/\/api.w.org\/{rel}","templated":true}]}}