{"id":13120,"date":"2020-03-04T10:22:11","date_gmt":"2020-03-04T13:22:11","guid":{"rendered":"https:\/\/blogs2.correiobraziliense.com.br\/vicente\/?p=13120"},"modified":"2020-03-04T13:51:27","modified_gmt":"2020-03-04T16:51:27","slug":"banana-para-bolsonaro-pib-de-2019-e-o-pior-desde-recessao-de-dilma","status":"publish","type":"post","link":"https:\/\/blogs2.correiobraziliense.com.br\/vicente\/banana-para-bolsonaro-pib-de-2019-e-o-pior-desde-recessao-de-dilma\/","title":{"rendered":"Banana para Bolsonaro: PIB de 2019 \u00e9 o pior desde recess\u00e3o de Dilma"},"content":{"rendered":"<h2>O presidente Jair Bolsonaro levou um comediante para dar bananas a jornalistas na porta do Alvorada nesta quarta-feira (04\/04), mas a banana vai para ele. No primeiro ano de governo do capit\u00e3o reformado, o Produto Interno Bruto (PIB) cresceu apenas 1,1%, o pior resultado desde a recess\u00e3o provocada por Dilma Rousseff.<\/h2>\n<p>&nbsp;<\/p>\n<p>Olhando para a composi\u00e7\u00e3o do PIB de 2019, quase tudo piorou, a come\u00e7ar pelos investimentos, que devem ser a alavanca do crescimento. No ano passado, os investimentos avan\u00e7aram 2,2% contra os 3,9% de 2018. Tamb\u00e9m o consumo das fam\u00edlias perdeu for\u00e7a, com salto de apenas 1,8%.<\/p>\n<p>&nbsp;<\/p>\n<p>A taxa de investimentos em rela\u00e7\u00e3o ao PIB subiu ligeiramente, de 15,2% para 15,4%, mas a taxa de poupan\u00e7a caiu, de 12,4% para 12,2%. Ou seja, al\u00e9m de n\u00e3o ter investimentos suficientes para garantir crescimento cont\u00ednuo acima de 3% ao ano, o pa\u00eds n\u00e3o t\u00eam dinheiro suficiente para bancar os investimentos.<\/p>\n<p>&nbsp;<\/p>\n<p>Isso mostra que o Brasil est\u00e1 cada vez mais dependente do capital estrangeiro para crescer. Mas como atrair capital externo se o presidente n\u00e3o passa a menor confian\u00e7a aos donos do dinheiro? Tanto o ministro da Economia, Paulo Guedes, quanto o presidente do Banco Central, Roberto Campos Neto, j\u00e1 alertaram Bolsonaro sobre a p\u00e9ssima imagem do Brasil l\u00e1 fora.<\/p>\n<p>&nbsp;<\/p>\n<p><strong>Desconfian\u00e7a<\/strong><\/p>\n<p>&nbsp;<\/p>\n<p>Se for depender apenas dos investimentos internos, o Brasil continuar\u00e1 patinando. O governo n\u00e3o tem a menor capacidade de tocar obras, pois vai registrar, em 2020, o s\u00e9timo ano seguido de rombo em suas contas. O setor privado diz apoiar o governo, mas n\u00e3o se anima a tirar projetos de expans\u00e3o das gavetas.<\/p>\n<p>&nbsp;<\/p>\n<p>A falta de investimentos produtivos est\u00e1 na base da desconfian\u00e7a dos agentes econ\u00f4micos, que, semana ap\u00f3s semana, est\u00e3o revisando para baixo as previs\u00f5es para do PIB de 2020. Para piorar, agora veio a onda do novo coronav\u00edrus, que abalou a economia global.<\/p>\n<p>&nbsp;<\/p>\n<p>Enquanto continuar achando que est\u00e1 no palanque ou num picadeiro de circo, em vez de exercer o papel para o qual foi eleito, o de presidente da Rep\u00fablica, Bolsonaro s\u00f3 contribuir\u00e1 para estimular um clima de incerteza que atrapalha seriamente o pa\u00eds.<\/p>\n<p>&nbsp;<\/p>\n<p>Num quadro de normalidade, com infla\u00e7\u00e3o no ch\u00e3o e juros nos menores n\u00edveis da hist\u00f3ria, o Brasil deveria estar voando. Mas, com o governo fonte de crises constantes e de instabilidade pol\u00edtica, o pa\u00eds corre o risco de patinar. Pior para os mais pobres e os quase 12 milh\u00f5es de desempregados.<\/p>\n<p>&nbsp;<\/p>\n<p><em>Bras\u00edlia, 10h22min<\/em><\/p>\n","protected":false},"excerpt":{"rendered":"<p>O presidente Jair Bolsonaro levou um comediante para dar bananas a jornalistas na porta do Alvorada nesta quarta-feira (04\/04), mas a banana vai para ele. No primeiro ano de governo do capit\u00e3o reformado, o Produto Interno Bruto (PIB) cresceu apenas 1,1%, o pior resultado desde a recess\u00e3o provocada por Dilma Rousseff. &nbsp; Olhando para a [&hellip;]<\/p>\n","protected":false},"author":22,"featured_media":10126,"comment_status":"open","ping_status":"closed","sticky":false,"template":"","format":"standard","meta":{"wpb_read_more":[],"footnotes":""},"categories":[600],"tags":[2554,113,2403,3613,58],"class_list":["post-13120","post","type-post","status-publish","format-standard","has-post-thumbnail","hentry","category-economia","tag-bolsonaro","tag-crescimento","tag-dilma","tag-paulo-guedes","tag-pib"],"_links":{"self":[{"href":"https:\/\/blogs2.correiobraziliense.com.br\/vicente\/wp-json\/wp\/v2\/posts\/13120","targetHints":{"allow":["GET"]}}],"collection":[{"href":"https:\/\/blogs2.correiobraziliense.com.br\/vicente\/wp-json\/wp\/v2\/posts"}],"about":[{"href":"https:\/\/blogs2.correiobraziliense.com.br\/vicente\/wp-json\/wp\/v2\/types\/post"}],"author":[{"embeddable":true,"href":"https:\/\/blogs2.correiobraziliense.com.br\/vicente\/wp-json\/wp\/v2\/users\/22"}],"replies":[{"embeddable":true,"href":"https:\/\/blogs2.correiobraziliense.com.br\/vicente\/wp-json\/wp\/v2\/comments?post=13120"}],"version-history":[{"count":1,"href":"https:\/\/blogs2.correiobraziliense.com.br\/vicente\/wp-json\/wp\/v2\/posts\/13120\/revisions"}],"predecessor-version":[{"id":13131,"href":"https:\/\/blogs2.correiobraziliense.com.br\/vicente\/wp-json\/wp\/v2\/posts\/13120\/revisions\/13131"}],"wp:featuredmedia":[{"embeddable":true,"href":"https:\/\/blogs2.correiobraziliense.com.br\/vicente\/wp-json\/wp\/v2\/media\/10126"}],"wp:attachment":[{"href":"https:\/\/blogs2.correiobraziliense.com.br\/vicente\/wp-json\/wp\/v2\/media?parent=13120"}],"wp:term":[{"taxonomy":"category","embeddable":true,"href":"https:\/\/blogs2.correiobraziliense.com.br\/vicente\/wp-json\/wp\/v2\/categories?post=13120"},{"taxonomy":"post_tag","embeddable":true,"href":"https:\/\/blogs2.correiobraziliense.com.br\/vicente\/wp-json\/wp\/v2\/tags?post=13120"}],"curies":[{"name":"wp","href":"https:\/\/api.w.org\/{rel}","templated":true}]}}