{"id":13158,"date":"2020-03-06T10:53:50","date_gmt":"2020-03-06T13:53:50","guid":{"rendered":"https:\/\/blogs2.correiobraziliense.com.br\/vicente\/?p=13158"},"modified":"2020-03-06T10:57:11","modified_gmt":"2020-03-06T13:57:11","slug":"bolsa-abre-com-queda-de-4-e-fica-abaixo-de-100-mil-pontos","status":"publish","type":"post","link":"https:\/\/blogs2.correiobraziliense.com.br\/vicente\/bolsa-abre-com-queda-de-4-e-fica-abaixo-de-100-mil-pontos\/","title":{"rendered":"Bolsa abre com queda de 4% e fica abaixo de 100 mil pontos"},"content":{"rendered":"<p><span style=\"font-weight: 400\">ROSANA HESSEL<\/span><\/p>\n<p>&nbsp;<\/p>\n<p><span style=\"font-weight: 400\">Acompanhando a queda generalizada das bolsas na \u00c1sia e na Europa, devido ao alastramento do novo coronav\u00edrus pelo mundo, a Bolsa de Valores de S\u00e3o Paulo (B3) abriu o preg\u00e3o desta sexta-feira (06\/03) no vermelho, ficando abaixo de 100 mil pontos.\u00a0<\/span><\/p>\n<p>&nbsp;<\/p>\n<p><span style=\"font-weight: 400\">Em menos de 15 minutos ap\u00f3s a abertura das negocia\u00e7\u00f5es, o \u00cdndice Bovespa, principal indicador da B3, registrava recuo de 4%, a 98 mil pontos. As companhias a\u00e9reas Azul e Gol lideram a queda, uma vez que, na Inglaterra, uma empresa de avia\u00e7\u00e3o regional quebrou devido ao cancelamento dos voos.<\/span><\/p>\n<p>&nbsp;<\/p>\n<p>Ontem, o\u00a0Minist\u00e9rio da Sa\u00fade informou o registro dos primeiros casos de transmiss\u00e3o local da doen\u00e7a COVID19, transmitida pelo novo coronav\u00edrus. Hoje, o governo da Bahia confirmou o nono caso no pa\u00eds.\u00a0\u00a0Esse cen\u00e1rio tem deixado os operadores em estado de alerta para uma desacelera\u00e7\u00e3o maior na economia dom\u00e9stica que cresceu apenas 1,1% em 2019. As previs\u00f5es para a atividade neste ano j\u00e1 est\u00e3o em queda livre.<\/p>\n<p>&nbsp;<\/p>\n<p><span style=\"font-weight: 400\">O d\u00f3lar comercial apresenta-se est\u00e1vel durante a manh\u00e3, cotado a R$ 4,652 para a venda, uma varia\u00e7\u00e3o positiva de 0,02% sobre a v\u00e9spera. O Banco Central anunciou para hoje mais um leil\u00e3o de US$ 2 bilh\u00f5es de contratos de swap c\u00e2mbial como forma de tentar conter a escalada da divisa norte-americana que, at\u00e9 ontem, acumulava alta de 15,9% no ano.<\/span><\/p>\n<p>&nbsp;<\/p>\n","protected":false},"excerpt":{"rendered":"<p>ROSANA HESSEL &nbsp; Acompanhando a queda generalizada das bolsas na \u00c1sia e na Europa, devido ao alastramento do novo coronav\u00edrus pelo mundo, a Bolsa de Valores de S\u00e3o Paulo (B3) abriu o preg\u00e3o desta sexta-feira (06\/03) no vermelho, ficando abaixo de 100 mil pontos.\u00a0 &nbsp; Em menos de 15 minutos ap\u00f3s a abertura das negocia\u00e7\u00f5es, [&hellip;]<\/p>\n","protected":false},"author":22,"featured_media":0,"comment_status":"open","ping_status":"closed","sticky":false,"template":"","format":"standard","meta":{"wpb_read_more":[],"footnotes":""},"categories":[600],"tags":[2740,2393,4419,4469,343,2254],"class_list":["post-13158","post","type-post","status-publish","format-standard","hentry","category-economia","tag-b3","tag-bolsa","tag-coronavirus","tag-covid19","tag-dolar","tag-mercados"],"_links":{"self":[{"href":"https:\/\/blogs2.correiobraziliense.com.br\/vicente\/wp-json\/wp\/v2\/posts\/13158","targetHints":{"allow":["GET"]}}],"collection":[{"href":"https:\/\/blogs2.correiobraziliense.com.br\/vicente\/wp-json\/wp\/v2\/posts"}],"about":[{"href":"https:\/\/blogs2.correiobraziliense.com.br\/vicente\/wp-json\/wp\/v2\/types\/post"}],"author":[{"embeddable":true,"href":"https:\/\/blogs2.correiobraziliense.com.br\/vicente\/wp-json\/wp\/v2\/users\/22"}],"replies":[{"embeddable":true,"href":"https:\/\/blogs2.correiobraziliense.com.br\/vicente\/wp-json\/wp\/v2\/comments?post=13158"}],"version-history":[{"count":3,"href":"https:\/\/blogs2.correiobraziliense.com.br\/vicente\/wp-json\/wp\/v2\/posts\/13158\/revisions"}],"predecessor-version":[{"id":13161,"href":"https:\/\/blogs2.correiobraziliense.com.br\/vicente\/wp-json\/wp\/v2\/posts\/13158\/revisions\/13161"}],"wp:attachment":[{"href":"https:\/\/blogs2.correiobraziliense.com.br\/vicente\/wp-json\/wp\/v2\/media?parent=13158"}],"wp:term":[{"taxonomy":"category","embeddable":true,"href":"https:\/\/blogs2.correiobraziliense.com.br\/vicente\/wp-json\/wp\/v2\/categories?post=13158"},{"taxonomy":"post_tag","embeddable":true,"href":"https:\/\/blogs2.correiobraziliense.com.br\/vicente\/wp-json\/wp\/v2\/tags?post=13158"}],"curies":[{"name":"wp","href":"https:\/\/api.w.org\/{rel}","templated":true}]}}