{"id":13167,"date":"2020-03-06T18:55:20","date_gmt":"2020-03-06T21:55:20","guid":{"rendered":"https:\/\/blogs2.correiobraziliense.com.br\/vicente\/?p=13167"},"modified":"2020-03-06T19:21:36","modified_gmt":"2020-03-06T22:21:36","slug":"segura-na-mao-de-deus-vira-hit-na-faria-lima-centro-financeiro-do-pais","status":"publish","type":"post","link":"https:\/\/blogs2.correiobraziliense.com.br\/vicente\/segura-na-mao-de-deus-vira-hit-na-faria-lima-centro-financeiro-do-pais\/","title":{"rendered":"&#8220;Segura na m\u00e3o de Deus&#8221; vira hit na Faria Lima, centro financeiro do pa\u00eds"},"content":{"rendered":"<h2>Centro financeiro do pa\u00eds, a Faria Lima, famosa avenida de S\u00e3o Paulo, j\u00e1 elegeu seu hit nesses tempos de turbul\u00eancia, com d\u00f3lar nas altura, Bolsa de Valores derretendo e governo inerte no sentindo de estimular a atividade econ\u00f4mica: &#8220;Segura na m\u00e3o de Deus&#8221;, um hino religioso (ou\u00e7a abaixo).<\/h2>\n<p>&nbsp;<\/p>\n<p><a href=\"https:\/\/soundcloud.com\/user-19416753\/meme-dos-faria-limers\/s-8AGt3\">https:\/\/soundcloud.com\/user-19416753\/meme-dos-faria-limers\/s-8AGt3<\/a><\/p>\n<p>&nbsp;<\/p>\n<p>N\u00e3o custa lembrar que os &#8220;faria limers&#8221;, que v\u00eam repassando o hit por meio de redes sociais, foram os primeiros a fazer estimativas catastr\u00f3ficas para a economia se Dilma Rousseff n\u00e3o fosse apeada do poder. Foi na Faria Lima que nasceu o movimento de apoio \u00e0 candidatura vitoriosa de Jair Bolsonaro.<\/p>\n<p>&nbsp;<\/p>\n<p>Agora, o arrependimento come\u00e7a a dar o tom no principal centro financeiro do pa\u00eds, ainda que a grande maioria dos &#8220;faria limers&#8221; continue acreditando que o ministro da Economia, Paulo Guedes, ser\u00e1 capaz de colocar o Brasil na rota do crescimento sustentado, mesmo depois do fracasso da gest\u00e3o dele at\u00e9 agora.<\/p>\n<p>&nbsp;<\/p>\n<p><strong>Barco vai afundar<\/strong><\/p>\n<p>&nbsp;<\/p>\n<p>Os &#8220;faria limers&#8221; pedem uma a\u00e7\u00e3o mais enf\u00e1tica de Bolsonaro em defesa das reformas, que podem dar novo f\u00f4lego \u00e0 economia brasileira. Sem uma sintonia fina entre o governo e o Congresso, a tend\u00eancia, admitem executivos da Faria Lima, \u00e9 de o Produto Interno Bruto (PIB) afundar, sobretudo com crise trazida pelo novo coronav\u00edrus.<\/p>\n<p>&nbsp;<\/p>\n<p>Est\u00e1 se formando o consenso no mercado de que 2020 ser\u00e1 mais um ano perdido, encerrando a pior d\u00e9cada para a economia brasileira, pior at\u00e9 que os anos de 1980, apontados como d\u00e9cada perdida. Para os &#8220;faria limers&#8221; ou o governo reage r\u00e1pido ou o barco vai afundar.<\/p>\n<p>&nbsp;<\/p>\n<p>O d\u00f3lar encerrou as negocia\u00e7\u00f5es desta sexta-feira (06\/03) cotado a R$ 4,634 para venda, com ligeira baixa de 0,36%, ap\u00f3s mais uma interven\u00e7\u00e3o do Banco Central. Na semana, a moeda norte-americana acumulou alta de 3,42% e, no ano, de 15,58%.<\/p>\n<p>&nbsp;<\/p>\n<p>Na Bolsa de Valores de S\u00e3o Paulo (B3), as perdas foram generalizadas. Somente nesta sexta, o Ibovespa, principal \u00edndice de lucratividade do preg\u00e3o paulista, desabou 4,14%, para os 97.997 pontos. Na semana, as perdas chegam a 8,09% e, no ano, a 15,26%.<\/p>\n<p>&nbsp;<\/p>\n<p>Nesse ritmo, realmente, s\u00f3 mesmo segurando nas m\u00e3os de Deus para n\u00e3o entrar em parafuso.<\/p>\n<p>&nbsp;<\/p>\n<p><em>Bras\u00edlia, 18h55min<\/em><\/p>\n","protected":false},"excerpt":{"rendered":"<p>Centro financeiro do pa\u00eds, a Faria Lima, famosa avenida de S\u00e3o Paulo, j\u00e1 elegeu seu hit nesses tempos de turbul\u00eancia, com d\u00f3lar nas altura, Bolsa de Valores derretendo e governo inerte no sentindo de estimular a atividade econ\u00f4mica: &#8220;Segura na m\u00e3o de Deus&#8221;, um hino religioso (ou\u00e7a abaixo). &nbsp; https:\/\/soundcloud.com\/user-19416753\/meme-dos-faria-limers\/s-8AGt3 &nbsp; N\u00e3o custa lembrar que [&hellip;]<\/p>\n","protected":false},"author":22,"featured_media":12891,"comment_status":"open","ping_status":"closed","sticky":false,"template":"","format":"standard","meta":{"wpb_read_more":[],"footnotes":""},"categories":[600],"tags":[2393,343,4387,4470,4472,4471],"class_list":["post-13167","post","type-post","status-publish","format-standard","has-post-thumbnail","hentry","category-economia","tag-bolsa","tag-dolar","tag-faria-lima","tag-faria-limers","tag-hit","tag-segura-na-mao-de-deus"],"_links":{"self":[{"href":"https:\/\/blogs2.correiobraziliense.com.br\/vicente\/wp-json\/wp\/v2\/posts\/13167","targetHints":{"allow":["GET"]}}],"collection":[{"href":"https:\/\/blogs2.correiobraziliense.com.br\/vicente\/wp-json\/wp\/v2\/posts"}],"about":[{"href":"https:\/\/blogs2.correiobraziliense.com.br\/vicente\/wp-json\/wp\/v2\/types\/post"}],"author":[{"embeddable":true,"href":"https:\/\/blogs2.correiobraziliense.com.br\/vicente\/wp-json\/wp\/v2\/users\/22"}],"replies":[{"embeddable":true,"href":"https:\/\/blogs2.correiobraziliense.com.br\/vicente\/wp-json\/wp\/v2\/comments?post=13167"}],"version-history":[{"count":1,"href":"https:\/\/blogs2.correiobraziliense.com.br\/vicente\/wp-json\/wp\/v2\/posts\/13167\/revisions"}],"predecessor-version":[{"id":13168,"href":"https:\/\/blogs2.correiobraziliense.com.br\/vicente\/wp-json\/wp\/v2\/posts\/13167\/revisions\/13168"}],"wp:featuredmedia":[{"embeddable":true,"href":"https:\/\/blogs2.correiobraziliense.com.br\/vicente\/wp-json\/wp\/v2\/media\/12891"}],"wp:attachment":[{"href":"https:\/\/blogs2.correiobraziliense.com.br\/vicente\/wp-json\/wp\/v2\/media?parent=13167"}],"wp:term":[{"taxonomy":"category","embeddable":true,"href":"https:\/\/blogs2.correiobraziliense.com.br\/vicente\/wp-json\/wp\/v2\/categories?post=13167"},{"taxonomy":"post_tag","embeddable":true,"href":"https:\/\/blogs2.correiobraziliense.com.br\/vicente\/wp-json\/wp\/v2\/tags?post=13167"}],"curies":[{"name":"wp","href":"https:\/\/api.w.org\/{rel}","templated":true}]}}