{"id":13169,"date":"2020-03-06T19:05:31","date_gmt":"2020-03-06T22:05:31","guid":{"rendered":"https:\/\/blogs2.correiobraziliense.com.br\/vicente\/?p=13169"},"modified":"2020-03-06T19:49:18","modified_gmt":"2020-03-06T22:49:18","slug":"bc-fara-acao-coordenada-vendera-us-1-bi-das-reservas-e-diretor-falara-de-juros","status":"publish","type":"post","link":"https:\/\/blogs2.correiobraziliense.com.br\/vicente\/bc-fara-acao-coordenada-vendera-us-1-bi-das-reservas-e-diretor-falara-de-juros\/","title":{"rendered":"BC far\u00e1 a\u00e7\u00e3o coordenada: vender\u00e1 US$ 1 bi das reservas e diretor falar\u00e1 de juros"},"content":{"rendered":"<h2>O Banco Central montou uma opera\u00e7\u00e3o casada para tentar acalmar os \u00e2nimos no mercado financeiro. Logo na manh\u00e3 de segunda-feira (09\/03), \u00e0s 9h, vender\u00e1 US$ 1 bilh\u00e3o das reservas internacionais, ou seja, no mercado \u00e0 vista, e, ao mesmo tempo, o diretor de Pol\u00edtica Monet\u00e1ria, Bruno Serra Fernandes, falar\u00e1 em um evento promovido pela <em>Bloomberg<\/em>.<\/h2>\n<p>&nbsp;<\/p>\n<p>A estrat\u00e9gia do Banco Central \u00e9 que, ao mesmo tempo em que mostrar\u00e1 seu poderio no c\u00e2mbio, vai detalhar o que pretende fazer com os juros. A institui\u00e7\u00e3o criou muitos ru\u00eddos no mercado ao sinalizar, por meio de nota, que pode voltar a cortar juros em reuni\u00e3o do Comit\u00ea de Pol\u00edtica Monet\u00e1ria (Copom) marcada para 18 de mar\u00e7o, por causa dos efeitos do coronav\u00edrus na economia.<\/p>\n<p>&nbsp;<\/p>\n<p>Na avalia\u00e7\u00e3o de especialistas, o BC est\u00e1 dando sinais trocados, contribuindo para aumentar o p\u00e2nico no mercado. Ao indicar que vai cortar a taxa b\u00e1sica de juros (Selic), que est\u00e1 em 4,25% ao ano, o menor n\u00edvel da hist\u00f3ria, estimula a alta do d\u00f3lar. Ao mesmo tempo, interv\u00e9m no c\u00e2mbio para conter a valoriza\u00e7\u00e3o da moeda norte-americana.<\/p>\n<p>&nbsp;<\/p>\n<p><strong>Falta de ju\u00edzo<\/strong><\/p>\n<p>&nbsp;<\/p>\n<p>Para analistas, o BC precisa dizer, claramente, o que quer. Se n\u00e3o melhorar sua comunica\u00e7\u00e3o com os agentes econ\u00f4micos, s\u00f3 contribuir\u00e1 para alimentar o nervosismo dos investidores. Segundo profissionais de mercado, Fernandes ter\u00e1 toda chance de esclarecer as d\u00favidas dos donos do dinheiro. H\u00e1 uma forte defesa para que o BC acabe com qualquer possibilidade de baixar os juros.<\/p>\n<p>&nbsp;<\/p>\n<p>O clima no mercado est\u00e1 p\u00e9ssimo. Os preju\u00edzos acumulados desde a volta do feriado de carnaval s\u00e3o monstruosos. Para piorar, a desconfian\u00e7a em rela\u00e7\u00e3o \u00e0 economia aumentou demasiadamente por conta da combina\u00e7\u00e3o explosiva dos efeitos do novo coronav\u00edrus com a falta de habilidade do governo para tocar projetos de interesse do pa\u00eds.<\/p>\n<p>&nbsp;<\/p>\n<p>Apenas nesta semana, o Ibovespa, principal \u00edndice da Bolsa de Valores de S\u00e3o Paulo (B3), desabou 8,09%. No acumulado do ano, as perdas chegam a 15,26%. O d\u00f3lar, por sua vez, subiu 3,42% na semana e 15,58% no m\u00eas. Como diz um executivo do mercado, o &#8220;BC precisa tomar ju\u00edzo, pois, no restante do governo, j\u00e1 n\u00e3o se v\u00ea isso h\u00e1 muito tempo&#8221;.<\/p>\n<p>&nbsp;<\/p>\n<p><em>Bras\u00edlia, 19h05min<\/em><\/p>\n","protected":false},"excerpt":{"rendered":"<p>O Banco Central montou uma opera\u00e7\u00e3o casada para tentar acalmar os \u00e2nimos no mercado financeiro. Logo na manh\u00e3 de segunda-feira (09\/03), \u00e0s 9h, vender\u00e1 US$ 1 bilh\u00e3o das reservas internacionais, ou seja, no mercado \u00e0 vista, e, ao mesmo tempo, o diretor de Pol\u00edtica Monet\u00e1ria, Bruno Serra Fernandes, falar\u00e1 em um evento promovido pela Bloomberg. [&hellip;]<\/p>\n","protected":false},"author":22,"featured_media":13173,"comment_status":"open","ping_status":"closed","sticky":false,"template":"","format":"standard","meta":{"wpb_read_more":[],"footnotes":""},"categories":[600],"tags":[3,4419,343,4,753,1494],"class_list":["post-13169","post","type-post","status-publish","format-standard","has-post-thumbnail","hentry","category-economia","tag-banco-central","tag-coronavirus","tag-dolar","tag-juros","tag-mercado","tag-nervosismo"],"_links":{"self":[{"href":"https:\/\/blogs2.correiobraziliense.com.br\/vicente\/wp-json\/wp\/v2\/posts\/13169","targetHints":{"allow":["GET"]}}],"collection":[{"href":"https:\/\/blogs2.correiobraziliense.com.br\/vicente\/wp-json\/wp\/v2\/posts"}],"about":[{"href":"https:\/\/blogs2.correiobraziliense.com.br\/vicente\/wp-json\/wp\/v2\/types\/post"}],"author":[{"embeddable":true,"href":"https:\/\/blogs2.correiobraziliense.com.br\/vicente\/wp-json\/wp\/v2\/users\/22"}],"replies":[{"embeddable":true,"href":"https:\/\/blogs2.correiobraziliense.com.br\/vicente\/wp-json\/wp\/v2\/comments?post=13169"}],"version-history":[{"count":1,"href":"https:\/\/blogs2.correiobraziliense.com.br\/vicente\/wp-json\/wp\/v2\/posts\/13169\/revisions"}],"predecessor-version":[{"id":13174,"href":"https:\/\/blogs2.correiobraziliense.com.br\/vicente\/wp-json\/wp\/v2\/posts\/13169\/revisions\/13174"}],"wp:featuredmedia":[{"embeddable":true,"href":"https:\/\/blogs2.correiobraziliense.com.br\/vicente\/wp-json\/wp\/v2\/media\/13173"}],"wp:attachment":[{"href":"https:\/\/blogs2.correiobraziliense.com.br\/vicente\/wp-json\/wp\/v2\/media?parent=13169"}],"wp:term":[{"taxonomy":"category","embeddable":true,"href":"https:\/\/blogs2.correiobraziliense.com.br\/vicente\/wp-json\/wp\/v2\/categories?post=13169"},{"taxonomy":"post_tag","embeddable":true,"href":"https:\/\/blogs2.correiobraziliense.com.br\/vicente\/wp-json\/wp\/v2\/tags?post=13169"}],"curies":[{"name":"wp","href":"https:\/\/api.w.org\/{rel}","templated":true}]}}