{"id":1317,"date":"2016-06-07T15:05:41","date_gmt":"2016-06-07T18:05:41","guid":{"rendered":"https:\/\/blogs2.correiobraziliense.com.br\/vicente\/?p=1317"},"modified":"2016-06-07T15:34:44","modified_gmt":"2016-06-07T18:34:44","slug":"possivel-fusao-entre-bb-e-caixa-deixa-funcionarios-das-duas-instituicoes-em-panico","status":"publish","type":"post","link":"https:\/\/blogs2.correiobraziliense.com.br\/vicente\/possivel-fusao-entre-bb-e-caixa-deixa-funcionarios-das-duas-instituicoes-em-panico\/","title":{"rendered":"Poss\u00edvel fus\u00e3o entre BB e Caixa deixa funcion\u00e1rios das duas institui\u00e7\u00f5es em p\u00e2nico"},"content":{"rendered":"<p>H\u00e1 um clima de tens\u00e3o entre funcion\u00e1rios do Banco do Brasil e da Caixa Econ\u00f4mica Federal. Circula pelos gabinetes dos dois bancos a informa\u00e7\u00e3o de que um processo de fus\u00e3o entre eles estaria em estudo dentro do governo de Michel Temer.<\/p>\n<p>&nbsp;<\/p>\n<p>A ideia que circula entre t\u00e9cnicos da equipe econ\u00f4mica prev\u00ea a transfer\u00eancia de todas as opera\u00e7\u00f5es da Caixa para o BB, com exce\u00e7\u00e3o da \u00e1rea imobili\u00e1ria. Com isso, a Caixa se transformaria em uma ag\u00eancia imobili\u00e1ria, respons\u00e1vel exclusivamente pelo financiamento da casa pr\u00f3pria.<\/p>\n<p>&nbsp;<\/p>\n<p>Essa proposta n\u00e3o \u00e9 nova. J\u00e1 circulou pelo governo de Fernando Henrique Cardoso, mas acabou engavetada diante das fortes press\u00f5es de pol\u00edticos e dos sindicatos, contr\u00e1rios \u00e0 ideia. Agora, acredita-se que a fus\u00e3o pode decolar, diante da imagem negativa que os bancos p\u00fablicos ficaram ao serem usados pelo governo Dilma Rousseff para as pedaladas fiscais.<\/p>\n<p>&nbsp;<\/p>\n<p>Os empregados das duas institui\u00e7\u00f5es est\u00e3o em alerta. Temem que, com a fus\u00e3o dos neg\u00f3cios comerciais e com a Caixa restrita ao mercado imobili\u00e1rio, vagas sejam fechadas e benef\u00edcios, cortados. Muitos reconhecem que a sa\u00fade da Caixa, por causa do excessivo uso pol\u00edtico nos \u00faltimos anos, n\u00e3o \u00e9 boa e exigir\u00e1 socorro do Tesouro Nacional. Mas acreditam que tudo poder\u00e1 ser revolvido com uma boa gest\u00e3o.<\/p>\n<p>&nbsp;<\/p>\n<p><em>Bras\u00edlia, 15h05min<\/em><\/p>\n","protected":false},"excerpt":{"rendered":"<p>H\u00e1 um clima de tens\u00e3o entre funcion\u00e1rios do Banco do Brasil e da Caixa Econ\u00f4mica Federal. Circula pelos gabinetes dos dois bancos a informa\u00e7\u00e3o de que um processo de fus\u00e3o entre eles estaria em estudo dentro do governo de Michel Temer. &nbsp; A ideia que circula entre t\u00e9cnicos da equipe econ\u00f4mica prev\u00ea a transfer\u00eancia de [&hellip;]<\/p>\n","protected":false},"author":22,"featured_media":0,"comment_status":"open","ping_status":"closed","sticky":false,"template":"","format":"standard","meta":{"wpb_read_more":[],"footnotes":""},"categories":[1],"tags":[],"class_list":["post-1317","post","type-post","status-publish","format-standard","hentry","category-sem-categoria"],"_links":{"self":[{"href":"https:\/\/blogs2.correiobraziliense.com.br\/vicente\/wp-json\/wp\/v2\/posts\/1317","targetHints":{"allow":["GET"]}}],"collection":[{"href":"https:\/\/blogs2.correiobraziliense.com.br\/vicente\/wp-json\/wp\/v2\/posts"}],"about":[{"href":"https:\/\/blogs2.correiobraziliense.com.br\/vicente\/wp-json\/wp\/v2\/types\/post"}],"author":[{"embeddable":true,"href":"https:\/\/blogs2.correiobraziliense.com.br\/vicente\/wp-json\/wp\/v2\/users\/22"}],"replies":[{"embeddable":true,"href":"https:\/\/blogs2.correiobraziliense.com.br\/vicente\/wp-json\/wp\/v2\/comments?post=1317"}],"version-history":[{"count":1,"href":"https:\/\/blogs2.correiobraziliense.com.br\/vicente\/wp-json\/wp\/v2\/posts\/1317\/revisions"}],"predecessor-version":[{"id":1318,"href":"https:\/\/blogs2.correiobraziliense.com.br\/vicente\/wp-json\/wp\/v2\/posts\/1317\/revisions\/1318"}],"wp:attachment":[{"href":"https:\/\/blogs2.correiobraziliense.com.br\/vicente\/wp-json\/wp\/v2\/media?parent=1317"}],"wp:term":[{"taxonomy":"category","embeddable":true,"href":"https:\/\/blogs2.correiobraziliense.com.br\/vicente\/wp-json\/wp\/v2\/categories?post=1317"},{"taxonomy":"post_tag","embeddable":true,"href":"https:\/\/blogs2.correiobraziliense.com.br\/vicente\/wp-json\/wp\/v2\/tags?post=1317"}],"curies":[{"name":"wp","href":"https:\/\/api.w.org\/{rel}","templated":true}]}}