{"id":13179,"date":"2020-03-07T19:49:29","date_gmt":"2020-03-07T22:49:29","guid":{"rendered":"https:\/\/blogs2.correiobraziliense.com.br\/vicente\/?p=13179"},"modified":"2020-03-07T20:02:58","modified_gmt":"2020-03-07T23:02:58","slug":"prefeito-de-planaltina-de-goias-toma-posse-e-renuncia-no-mesmo-dia","status":"publish","type":"post","link":"https:\/\/blogs2.correiobraziliense.com.br\/vicente\/prefeito-de-planaltina-de-goias-toma-posse-e-renuncia-no-mesmo-dia\/","title":{"rendered":"Prefeito de Planaltina de Goi\u00e1s toma posse e renuncia no mesmo dia"},"content":{"rendered":"<div>\n<p>RENATO SOUZAReconduzido ao cargo por determina\u00e7\u00e3o do Tribunal Superior Eleitoral (TSE), o ent\u00e3o prefeito da cidade de Planaltina de Goi\u00e1s, no Entorno do DF, David Alves Teixeira de Lima, renunciou minutos ap\u00f3s tomar posse, neste domingo (07), na C\u00e2mara de Vereadores. Com a sa\u00edda dele, o Pros, partido que est\u00e1 no centro de um esc\u00e2ndalo de corrup\u00e7\u00e3o, ganha for\u00e7a no munic\u00edpio.<\/p>\n<p>A vice de David, que agora assume a prefeitura \u00e9 Maria Aparecida dos Santos, m\u00e3e do presidente do Pros, Eur\u00edpedes J\u00fanior, acusado de usar dinheiro do fundo partid\u00e1rio para comprar um helic\u00f3ptero, entre outros bens. A confus\u00e3o come\u00e7ou com o afastamento do ex-prefeito Eles Reis de Freitas.<\/p>\n<p><a href=\"https:\/\/blogs2.correiobraziliense.com.br\/vicente\/wp-content\/uploads\/sites\/16\/2020\/03\/WhatsApp-Image-2020-03-07-at-16.48.45.jpeg\"><img loading=\"lazy\" decoding=\"async\" class=\"alignnone wp-image-13180\" src=\"https:\/\/blogs2.correiobraziliense.com.br\/vicente\/wp-content\/uploads\/sites\/16\/2020\/03\/WhatsApp-Image-2020-03-07-at-16.48.45-1024x576.jpeg\" alt=\"\" width=\"651\" height=\"366\" srcset=\"https:\/\/blogs2.correiobraziliense.com.br\/vicente\/wp-content\/uploads\/sites\/16\/2020\/03\/WhatsApp-Image-2020-03-07-at-16.48.45-1024x576.jpeg 1024w, https:\/\/blogs2.correiobraziliense.com.br\/vicente\/wp-content\/uploads\/sites\/16\/2020\/03\/WhatsApp-Image-2020-03-07-at-16.48.45-300x169.jpeg 300w, https:\/\/blogs2.correiobraziliense.com.br\/vicente\/wp-content\/uploads\/sites\/16\/2020\/03\/WhatsApp-Image-2020-03-07-at-16.48.45-768x432.jpeg 768w, https:\/\/blogs2.correiobraziliense.com.br\/vicente\/wp-content\/uploads\/sites\/16\/2020\/03\/WhatsApp-Image-2020-03-07-at-16.48.45-350x197.jpeg 350w, https:\/\/blogs2.correiobraziliense.com.br\/vicente\/wp-content\/uploads\/sites\/16\/2020\/03\/WhatsApp-Image-2020-03-07-at-16.48.45-550x309.jpeg 550w, https:\/\/blogs2.correiobraziliense.com.br\/vicente\/wp-content\/uploads\/sites\/16\/2020\/03\/WhatsApp-Image-2020-03-07-at-16.48.45-230x129.jpeg 230w, https:\/\/blogs2.correiobraziliense.com.br\/vicente\/wp-content\/uploads\/sites\/16\/2020\/03\/WhatsApp-Image-2020-03-07-at-16.48.45.jpeg 1280w\" sizes=\"auto, (max-width: 651px) 100vw, 651px\" \/><\/a><br \/>\n<em>Foto: Vanda Vasconcellos<\/em><\/p>\n<p>A posse de David estava marcado para as 15 horas deste domingo. Ele chegou ao local por volta das 16h30, por que ficou preso no engarrafamento gerado pelo tombamento de um caminh\u00e3o de combust\u00edveis em Planaltina-DF. O\u00a0motivo do afastamento, de acordo com discurso dele na C\u00e2mara, ocorre para cuidar da filha, que passa por problemas pessoais. A reportagem tentou contato com David Alves, mas ele n\u00e3o retornou as liga\u00e7\u00f5es.<\/p>\n<p>O Pros surgiu em Planaltina de Goi\u00e1s, e de acordo com den\u00fancias recebidas pelo Minist\u00e9rio P\u00fablico, Eur\u00edpedes usava o helic\u00f3ptero para se deslocar da casa dele, na cidade goiana, at\u00e9 o Lago Sul, em Bras\u00edlia. O pol\u00edtico chegou a ser afastado da lideran\u00e7a da sigla por uma Executiva Nacional. No entanto, o TSE considerou o afastamento ilegal e determinou o retorno ao cargo.<\/p>\n<\/div>\n","protected":false},"excerpt":{"rendered":"<p>RENATO SOUZAReconduzido ao cargo por determina\u00e7\u00e3o do Tribunal Superior Eleitoral (TSE), o ent\u00e3o prefeito da cidade de Planaltina de Goi\u00e1s, no Entorno do DF, David Alves Teixeira de Lima, renunciou minutos ap\u00f3s tomar posse, neste domingo (07), na C\u00e2mara de Vereadores. Com a sa\u00edda dele, o Pros, partido que est\u00e1 no centro de um esc\u00e2ndalo [&hellip;]<\/p>\n","protected":false},"author":22,"featured_media":0,"comment_status":"open","ping_status":"closed","sticky":false,"template":"","format":"standard","meta":{"wpb_read_more":[],"footnotes":""},"categories":[600],"tags":[4374,4473,3358],"class_list":["post-13179","post","type-post","status-publish","format-standard","hentry","category-economia","tag-euripedes","tag-planaltina-de-goias","tag-pros"],"_links":{"self":[{"href":"https:\/\/blogs2.correiobraziliense.com.br\/vicente\/wp-json\/wp\/v2\/posts\/13179","targetHints":{"allow":["GET"]}}],"collection":[{"href":"https:\/\/blogs2.correiobraziliense.com.br\/vicente\/wp-json\/wp\/v2\/posts"}],"about":[{"href":"https:\/\/blogs2.correiobraziliense.com.br\/vicente\/wp-json\/wp\/v2\/types\/post"}],"author":[{"embeddable":true,"href":"https:\/\/blogs2.correiobraziliense.com.br\/vicente\/wp-json\/wp\/v2\/users\/22"}],"replies":[{"embeddable":true,"href":"https:\/\/blogs2.correiobraziliense.com.br\/vicente\/wp-json\/wp\/v2\/comments?post=13179"}],"version-history":[{"count":4,"href":"https:\/\/blogs2.correiobraziliense.com.br\/vicente\/wp-json\/wp\/v2\/posts\/13179\/revisions"}],"predecessor-version":[{"id":13184,"href":"https:\/\/blogs2.correiobraziliense.com.br\/vicente\/wp-json\/wp\/v2\/posts\/13179\/revisions\/13184"}],"wp:attachment":[{"href":"https:\/\/blogs2.correiobraziliense.com.br\/vicente\/wp-json\/wp\/v2\/media?parent=13179"}],"wp:term":[{"taxonomy":"category","embeddable":true,"href":"https:\/\/blogs2.correiobraziliense.com.br\/vicente\/wp-json\/wp\/v2\/categories?post=13179"},{"taxonomy":"post_tag","embeddable":true,"href":"https:\/\/blogs2.correiobraziliense.com.br\/vicente\/wp-json\/wp\/v2\/tags?post=13179"}],"curies":[{"name":"wp","href":"https:\/\/api.w.org\/{rel}","templated":true}]}}