{"id":1319,"date":"2016-06-07T17:27:56","date_gmt":"2016-06-07T20:27:56","guid":{"rendered":"https:\/\/blogs2.correiobraziliense.com.br\/vicente\/?p=1319"},"modified":"2016-06-07T17:27:56","modified_gmt":"2016-06-07T20:27:56","slug":"banco-mundial-ve-retracao-de-4-do-brasil-neste-ano-e-menor-crescimento-mundial","status":"publish","type":"post","link":"https:\/\/blogs2.correiobraziliense.com.br\/vicente\/banco-mundial-ve-retracao-de-4-do-brasil-neste-ano-e-menor-crescimento-mundial\/","title":{"rendered":"Banco Mundial v\u00ea retra\u00e7\u00e3o de 4% do Brasil neste ano e menor crescimento mundial"},"content":{"rendered":"<p>O Banco Mundial (Bird) reduziu a previs\u00e3o de crescimento global em 2016 de 2,9% para 2,4%, diante do fraco desempenho das economias avan\u00e7adas, dos pre\u00e7os de produtos b\u00e1sicos (commodities) obstinadamente baixos, do com\u00e9rcio global fraco e da retra\u00e7\u00e3o dos fluxos de capital.<\/p>\n<p>&nbsp;<\/p>\n<p>\u201cEsse crescimento lento ressalta por que \u00e9 criticamente importante que os pa\u00edses adotem pol\u00edticas que impulsionem o crescimento econ\u00f4mico e melhorem a as condi\u00e7\u00f5es das pessoas que vivem em extrema pobreza,\u201d afirma Jim Yong Kim, presidente do Bird. \u201cO crescimento econ\u00f4mico continua a ser o impulsor mais importante da redu\u00e7\u00e3o da pobreza e, por isso, estamos muito preocupados com o fato de o crescimento estar diminuindo consideravelmente nos pa\u00edses em desenvolvimento exportadores de produtos b\u00e1sicos devido aos baixos pre\u00e7os\u201d, emenda.<\/p>\n<p>&nbsp;<\/p>\n<p>Segundo as previs\u00f5es, os mercados emergentes e as economias em desenvolvimento dever\u00e3o expandir-se a uma taxa de 5,8% em 2016, uma modesta redu\u00e7\u00e3o comparada ao ritmo de 5,9% de 2015. Entre as principais economias de mercado emergentes, a China deve crescer 6,7% em 2016, ante os 6.9% no ano passado. A robusta expans\u00e3o econ\u00f4mica da \u00cdndia dever\u00e1 manter-se inalterada em 7,6% enquanto o Brasil, com retra\u00e7\u00e3o de 4%, e a R\u00fassia dever\u00e3o permanecer em recess\u00f5es mais profundas do que as previs\u00f5es feitas em janeiro.<\/p>\n<p>&nbsp;<\/p>\n<p>Veja as perspectivas regionais segundo o Bird:<\/p>\n<p>&nbsp;<\/p>\n<p><strong>Leste Asi\u00e1tico e Pac\u00edfico:<\/strong> O crescimento do Leste Asi\u00e1tico e regi\u00e3o do Pac\u00edfico dever\u00e1 cair a uma taxa n\u00e3o revisada de 6,3% em 2016. Prev\u00ea-se que a expans\u00e3o da China diminua para 6.7%, conforme projetado em janeiro. Segundo as proje\u00e7\u00f5es, essa regi\u00e3o, com exce\u00e7\u00e3o da China, dever\u00e1 crescer a uma taxa de 4,8% em 2016, sem altera\u00e7\u00e3o em compara\u00e7\u00e3o com a taxa de 2015. Essa perspectiva sup\u00f5e uma redu\u00e7\u00e3o ordenada do ritmo de crescimento da China, acompanhada de um progresso cont\u00ednuo em mat\u00e9ria de reformas estruturais e um est\u00edmulo de pol\u00edticas apropriadas conforme necess\u00e1rio. O crescimento no restante da regi\u00e3o dever\u00e1 ser apoiado por um investimento crescente em v\u00e1rias economias grandes (Indon\u00e9sia, Mal\u00e1sia e Tail\u00e2ndia) e um s\u00f3lido consumo apoiado por baixos pre\u00e7os de produtos b\u00e1sicos (Tail\u00e2ndia, Filipinas e Vietn\u00e3).<\/p>\n<p>&nbsp;<\/p>\n<p><strong>Europa e \u00c1sia Central:<\/strong> A cont\u00ednua contra\u00e7\u00e3o na R\u00fassia est\u00e1 mantendo a taxa de crescimento prevista para a regi\u00e3o em 1,2% em 2016, ou seja, uma altera\u00e7\u00e3o desfavor\u00e1vel de 0,4 ponto percentual com rela\u00e7\u00e3o \u00e0 previs\u00e3o de janeiro. Preocupa\u00e7\u00f5es geopol\u00edticas, inclusive rompantes de viol\u00eancia no leste da Ucr\u00e2nia e no C\u00e1ucaso, bem como ataques terroristas na Turquia, pesam nas perspectivas. Com exclus\u00e3o da R\u00fassia, prev\u00ea-se que a regi\u00e3o experimente uma taxa de expans\u00e3o de 2,9%. As proje\u00e7\u00f5es de crescimento da parte ocidental da regi\u00e3o foram reduzidas com rela\u00e7\u00e3o \u00e0s perspectivas de janeiro \u00e0 medida que os pa\u00edses se ajustam a pre\u00e7os mais baixos do petr\u00f3leo, metais e produtos agr\u00edcolas b\u00e1sicos. A atividade na parte ocidental da regi\u00e3o se beneficiar\u00e1 do crescimento moderado na zona do euro e da intensifica\u00e7\u00e3o da demanda interna, ajudada por custos modestos dos combust\u00edveis.<\/p>\n<p>&nbsp;<\/p>\n<p><strong>Am\u00e9rica Latina e Caribe:<\/strong> Segundo as previs\u00f5es, a regi\u00e3o sofrer\u00e1 uma contra\u00e7\u00e3o de 1,3% em 2016 ap\u00f3s um decl\u00ednio de 0,7% em 2015, os primeiros anos seguidos de recess\u00e3o em mais de 30 anos. Segundo proje\u00e7\u00f5es, a expans\u00e3o dever\u00e1 come\u00e7ar novamente em 2017, ganhando gradualmente impulso para alcan\u00e7ar cerca de 2% em 2018. As perspectivas variam nos diversos pontos da regi\u00e3o. Prev\u00ea-se que a Am\u00e9rica do Sul sofra uma contra\u00e7\u00e3o de 2,8% neste ano, seguindo-se uma leve recupera\u00e7\u00e3o em 2017. Em contrapartida, apoiada por v\u00ednculos aos Estados Unidos e um n\u00edvel s\u00f3lido de exporta\u00e7\u00f5es, a produ\u00e7\u00e3o no M\u00e9xico e sub-regi\u00e3o da Am\u00e9rica Central e no Caribe dever\u00e1 atingir 2,7% e 2,6%, respectivamente, em 2016 e mais em 2017 e 2018. O Brasil dever\u00e1 sofrer uma contra\u00e7\u00e3o de 4% em 2016 e sua recess\u00e3o dever\u00e1 continuar em 2017 em meio a tentativas de arrocho das pol\u00edticas, aumento do desemprego, redu\u00e7\u00e3o da renda real e incerteza pol\u00edtica.<\/p>\n<p>&nbsp;<\/p>\n<p><strong>Oriente M\u00e9dio e Norte da \u00c1frica:<\/strong> Segundo as previs\u00f5es, o crescimento na regi\u00e3o dever\u00e1 ter uma eleva\u00e7\u00e3o modesta de 2,9% em 2016, o que representa 1,1 ponto percentual menos do que previsto na perspectiva de janeiro. A revis\u00e3o desfavor\u00e1vel surge \u00e0 medida que, segundo as expectativas, os pre\u00e7os do petr\u00f3leo se apresentam mais baixos durante o ano, a uma m\u00e9dia de US$ 41 por barril. A raz\u00e3o principal da leve melhoria no crescimento regional em 2016 \u00e9 uma s\u00f3lida recupera\u00e7\u00e3o prevista para a Rep\u00fablica Isl\u00e2mica do Ir\u00e3 ap\u00f3s a remo\u00e7\u00e3o das san\u00e7\u00f5es em janeiro. Prev\u00ea-se uma reativa\u00e7\u00e3o dos pre\u00e7os m\u00e9dios do petr\u00f3leo em 2017 para apoiar uma recupera\u00e7\u00e3o do crescimento regional de 3,5% em 2017.<\/p>\n<p>&nbsp;<\/p>\n<p><strong>Sul da \u00c1sia:<\/strong> Segundo as previs\u00f5es, o crescimento no Sul da \u00c1sia dever\u00e1 atingir 7,1% em 2016, apesar do crescimento mais fraco do que o previsto nas economias avan\u00e7adas, o que reduziu o aumento das exporta\u00e7\u00f5es na regi\u00e3o. A atividade permaneceu resiliente, uma vez que demanda interna, o principal impulsor do crescimento, continuou robusta. A \u00cdndia, a maior economia da regi\u00e3o, mostrou uma atividade fortalecida, o mesmo ocorrendo com o Paquist\u00e3o, Bangladesh e But\u00e3o. A maioria das economias do Sul da \u00c1sia beneficiou-se do decl\u00ednio dos pre\u00e7os do petr\u00f3leo, baixa infla\u00e7\u00e3o e fluxos constantes de remessas.<\/p>\n<p>&nbsp;<\/p>\n<p><strong>\u00c1frica Subsaariana:<\/strong> Prev\u00ea-se que o crescimento na \u00c1frica Subsaariana sofra retra\u00e7\u00e3o novamente em 2016 para 2,5%, em compara\u00e7\u00e3o com os 3,0% estimados para 2015, uma vez que os pre\u00e7os dos produtos b\u00e1sicos dever\u00e3o permanecer baixos, a atividade global dever\u00e1 ser fraca e as condi\u00e7\u00f5es financeiras, restritas. N\u00e3o se prev\u00ea que os exportadores de petr\u00f3leo experimentem aumento significativo no consumo, embora uma infla\u00e7\u00e3o mais baixa nos pa\u00edses importadores de petr\u00f3leo deva apoiar a despesa dos consumidores. No entanto, a infla\u00e7\u00e3o dos pre\u00e7os de alimentos em consequ\u00eancia da seca, o alto desemprego e o efeito da desvaloriza\u00e7\u00e3o da moeda poder\u00e3o anular parte desta vantagem. Prev\u00ea-se que o aumento do investimento diminua em muitos pa\u00edses \u00e0 medida que os governos e investidores reduzam ou retardem as despesas de capital em um contexto de consolida\u00e7\u00e3o fiscal.<\/p>\n<p>&nbsp;<\/p>\n<p><em>Bras\u00edlia, 17h14min<\/em><\/p>\n","protected":false},"excerpt":{"rendered":"<p>O Banco Mundial (Bird) reduziu a previs\u00e3o de crescimento global em 2016 de 2,9% para 2,4%, diante do fraco desempenho das economias avan\u00e7adas, dos pre\u00e7os de produtos b\u00e1sicos (commodities) obstinadamente baixos, do com\u00e9rcio global fraco e da retra\u00e7\u00e3o dos fluxos de capital. &nbsp; \u201cEsse crescimento lento ressalta por que \u00e9 criticamente importante que os pa\u00edses [&hellip;]<\/p>\n","protected":false},"author":22,"featured_media":0,"comment_status":"open","ping_status":"closed","sticky":false,"template":"","format":"standard","meta":{"wpb_read_more":[],"footnotes":""},"categories":[1],"tags":[],"class_list":["post-1319","post","type-post","status-publish","format-standard","hentry","category-sem-categoria"],"_links":{"self":[{"href":"https:\/\/blogs2.correiobraziliense.com.br\/vicente\/wp-json\/wp\/v2\/posts\/1319","targetHints":{"allow":["GET"]}}],"collection":[{"href":"https:\/\/blogs2.correiobraziliense.com.br\/vicente\/wp-json\/wp\/v2\/posts"}],"about":[{"href":"https:\/\/blogs2.correiobraziliense.com.br\/vicente\/wp-json\/wp\/v2\/types\/post"}],"author":[{"embeddable":true,"href":"https:\/\/blogs2.correiobraziliense.com.br\/vicente\/wp-json\/wp\/v2\/users\/22"}],"replies":[{"embeddable":true,"href":"https:\/\/blogs2.correiobraziliense.com.br\/vicente\/wp-json\/wp\/v2\/comments?post=1319"}],"version-history":[{"count":1,"href":"https:\/\/blogs2.correiobraziliense.com.br\/vicente\/wp-json\/wp\/v2\/posts\/1319\/revisions"}],"predecessor-version":[{"id":1320,"href":"https:\/\/blogs2.correiobraziliense.com.br\/vicente\/wp-json\/wp\/v2\/posts\/1319\/revisions\/1320"}],"wp:attachment":[{"href":"https:\/\/blogs2.correiobraziliense.com.br\/vicente\/wp-json\/wp\/v2\/media?parent=1319"}],"wp:term":[{"taxonomy":"category","embeddable":true,"href":"https:\/\/blogs2.correiobraziliense.com.br\/vicente\/wp-json\/wp\/v2\/categories?post=1319"},{"taxonomy":"post_tag","embeddable":true,"href":"https:\/\/blogs2.correiobraziliense.com.br\/vicente\/wp-json\/wp\/v2\/tags?post=1319"}],"curies":[{"name":"wp","href":"https:\/\/api.w.org\/{rel}","templated":true}]}}