{"id":13190,"date":"2020-03-08T12:57:08","date_gmt":"2020-03-08T15:57:08","guid":{"rendered":"https:\/\/blogs2.correiobraziliense.com.br\/vicente\/?p=13190"},"modified":"2020-03-08T13:30:18","modified_gmt":"2020-03-08T16:30:18","slug":"comunicado-do-bc-sobre-coronavirus-foi-para-afastar-pressao-por-corte-extraordinario-de-juros","status":"publish","type":"post","link":"https:\/\/blogs2.correiobraziliense.com.br\/vicente\/comunicado-do-bc-sobre-coronavirus-foi-para-afastar-pressao-por-corte-extraordinario-de-juros\/","title":{"rendered":"Comunicado do BC sobre coronav\u00edrus foi para afastar press\u00e3o por corte extraordin\u00e1rio de juros"},"content":{"rendered":"<p>Em conversas reservadas com integrantes do mercado financeiro, diretores do Banco Central admitiram que o <a href=\"https:\/\/blogs2.correiobraziliense.com.br\/vicente\/banco-central-cortara-juros-resta-saber-se-025-ou-050-ponto\/\">comunicado feito pela institui\u00e7\u00e3o na \u00faltima ter\u00e7a-feira (03\/03<\/a>), informando que avaliaria os impactos do novo coronav\u00edrus na economia nas duas semanas \u00e0 frente, teve como objetivo afastar qualquer press\u00e3o para um corte extraordin\u00e1rio da taxa b\u00e1sica de juros (Selic), que est\u00e1 em 4,25% ao m\u00eas.<\/p>\n<p>&nbsp;<\/p>\n<p>A press\u00e3o pela redu\u00e7\u00e3o dos juros j\u00e1 vinha crescendo no mercado por conta dos n\u00fameros ruins da economia, mas se elevou depois que o Federal Reserve (Fed), o Banco Central dos Estados Unidos, anunciou um corte emergencial de 0,5 ponto percentual na taxa b\u00e1sica para enfrentar uma quase certa recess\u00e3o global. O BC liberou o comunicado para tentar minimizar ru\u00eddos.<\/p>\n<p>&nbsp;<\/p>\n<p>Nas mesmas conversas com o mercado, representantes do BC deixaram claro que ainda n\u00e3o est\u00e1 certo o que a institui\u00e7\u00e3o far\u00e1 na reuni\u00e3o de 17 e 18 de mar\u00e7o do Comit\u00ea de Pol\u00edtica Monet\u00e1ria (Copom). Mas ningu\u00e9m descartou uma poss\u00edvel baixa da Selic, seguindo o movimento mundial para enfrentamento dos estragos provocados na economia pelo coronav\u00edrus.<\/p>\n<p>&nbsp;<\/p>\n<p><strong>Divis\u00e3o e erros<\/strong><\/p>\n<p>&nbsp;<\/p>\n<p>O mercado est\u00e1 dividido. Parte acredita que o BC n\u00e3o deve mexer nos juros, pois uma baixa da Selic neste momento s\u00f3 vai impulsionar a alta do d\u00f3lar, que caminha para os R$ 5, uma vez que o diferencial de taxas aqui e no exterior diminuir\u00e1 ainda mais, estimulando o fluxo de capitais para economias mais s\u00f3lidas.<\/p>\n<p>&nbsp;<\/p>\n<p>Outra parcela acredita que o BC deve ser agressivo e baixar a Selic em 0,5 ponto, para 3,75% ao ano, a fim de estimular a produ\u00e7\u00e3o, o consumo e os investimentos. Esse mesmo grupo defende a tese de que o Banco Central est\u00e1 atrasado nesse sentido, pois o pessimismo se instalou por completo entre os agentes econ\u00f4micos.<\/p>\n<p>&nbsp;<\/p>\n<p>Nesta segunda-feira (09\/03), o diretor de Pol\u00edtica Monet\u00e1ria do BC, <a href=\"https:\/\/blogs2.correiobraziliense.com.br\/vicente\/bc-fara-acao-coordenada-vendera-us-1-bi-das-reservas-e-diretor-falara-de-juros\/\">Bruno Serra Fernandes, participar\u00e1 de um evento<\/a> promovido pela <em>Bloomberg<\/em>. O objetivo \u00e9 transmitir a vis\u00e3o de como a autoridade est\u00e1 vendo a atual conjuntura e para onde devem ir os juros e o c\u00e2mbio. Nesse mesmo dia, \u00e0s 9h da manh\u00e3, o BC vender\u00e1 US$ 1 bilh\u00e3o das reservas internacionais do pa\u00eds.<\/p>\n<p>&nbsp;<\/p>\n<p>N\u00e3o h\u00e1 d\u00favidas de que o Banco Central criou muito ru\u00eddo no mercado com o comunicado da \u00faltima ter\u00e7a-feira. A percep\u00e7\u00e3o de muitos analistas e operadores de mercado \u00e9 de que a institui\u00e7\u00e3o est\u00e1 perdida e n\u00e3o tem a exata dimens\u00e3o do que pode ocorrer com a economia. Na verdade, esse \u00e9 um sentimento quase que generalizado em rela\u00e7\u00e3o \u00e0 equipe econ\u00f4mica de Jair Bolsonaro.<\/p>\n<p>&nbsp;<\/p>\n<p><em>Bras\u00edlia, 12h57min<\/em><\/p>\n","protected":false},"excerpt":{"rendered":"<p>Em conversas reservadas com integrantes do mercado financeiro, diretores do Banco Central admitiram que o comunicado feito pela institui\u00e7\u00e3o na \u00faltima ter\u00e7a-feira (03\/03), informando que avaliaria os impactos do novo coronav\u00edrus na economia nas duas semanas \u00e0 frente, teve como objetivo afastar qualquer press\u00e3o para um corte extraordin\u00e1rio da taxa b\u00e1sica de juros (Selic), que [&hellip;]<\/p>\n","protected":false},"author":22,"featured_media":11505,"comment_status":"open","ping_status":"closed","sticky":false,"template":"","format":"standard","meta":{"wpb_read_more":[],"footnotes":""},"categories":[600],"tags":[3,106,2901,4419,1158,1103,4,346,31],"class_list":["post-13190","post","type-post","status-publish","format-standard","has-post-thumbnail","hentry","category-economia","tag-banco-central","tag-bc","tag-comunicado","tag-coronavirus","tag-corte","tag-fed","tag-juros","tag-pressao","tag-recessao"],"_links":{"self":[{"href":"https:\/\/blogs2.correiobraziliense.com.br\/vicente\/wp-json\/wp\/v2\/posts\/13190","targetHints":{"allow":["GET"]}}],"collection":[{"href":"https:\/\/blogs2.correiobraziliense.com.br\/vicente\/wp-json\/wp\/v2\/posts"}],"about":[{"href":"https:\/\/blogs2.correiobraziliense.com.br\/vicente\/wp-json\/wp\/v2\/types\/post"}],"author":[{"embeddable":true,"href":"https:\/\/blogs2.correiobraziliense.com.br\/vicente\/wp-json\/wp\/v2\/users\/22"}],"replies":[{"embeddable":true,"href":"https:\/\/blogs2.correiobraziliense.com.br\/vicente\/wp-json\/wp\/v2\/comments?post=13190"}],"version-history":[{"count":1,"href":"https:\/\/blogs2.correiobraziliense.com.br\/vicente\/wp-json\/wp\/v2\/posts\/13190\/revisions"}],"predecessor-version":[{"id":13191,"href":"https:\/\/blogs2.correiobraziliense.com.br\/vicente\/wp-json\/wp\/v2\/posts\/13190\/revisions\/13191"}],"wp:featuredmedia":[{"embeddable":true,"href":"https:\/\/blogs2.correiobraziliense.com.br\/vicente\/wp-json\/wp\/v2\/media\/11505"}],"wp:attachment":[{"href":"https:\/\/blogs2.correiobraziliense.com.br\/vicente\/wp-json\/wp\/v2\/media?parent=13190"}],"wp:term":[{"taxonomy":"category","embeddable":true,"href":"https:\/\/blogs2.correiobraziliense.com.br\/vicente\/wp-json\/wp\/v2\/categories?post=13190"},{"taxonomy":"post_tag","embeddable":true,"href":"https:\/\/blogs2.correiobraziliense.com.br\/vicente\/wp-json\/wp\/v2\/tags?post=13190"}],"curies":[{"name":"wp","href":"https:\/\/api.w.org\/{rel}","templated":true}]}}