{"id":13192,"date":"2020-03-09T10:05:13","date_gmt":"2020-03-09T13:05:13","guid":{"rendered":"https:\/\/blogs2.correiobraziliense.com.br\/vicente\/?p=13192"},"modified":"2020-03-09T10:29:04","modified_gmt":"2020-03-09T13:29:04","slug":"dolar-vai-a-r-479-bc-intervem-mas-nao-segura-moeda-bolsa-desaba-8","status":"publish","type":"post","link":"https:\/\/blogs2.correiobraziliense.com.br\/vicente\/dolar-vai-a-r-479-bc-intervem-mas-nao-segura-moeda-bolsa-desaba-8\/","title":{"rendered":"D\u00f3lar vai a R$ 4,79, BC interv\u00e9m, mas n\u00e3o segura moeda. Bolsa desaba 8%"},"content":{"rendered":"<h2>A segunda-feira (09\/03) come\u00e7ou movida pelo p\u00e2nico. Em todo o mundo, o rastro de preju\u00edzos \u00e9 enorme. No Brasil, o d\u00f3lar j\u00e1 abriu os neg\u00f3cios a R$, 4,75, bateu em R$ 4,79, cedeu ligeiramente para R$ 4,74, depois da interven\u00e7\u00e3o do Banco Central, mas mant\u00e9m alta superior a 2%. A Bolsa de S\u00e3o Paulo come\u00e7ou com baixa de mais de 8%.<\/h2>\n<p>&nbsp;<\/p>\n<p>O nervosismo se acentuou depois da guerra declarada entre a R\u00fassia e a Ar\u00e1bia Saudita em torno dos pre\u00e7os do petr\u00f3leo. O barril do \u00f3leo desabou mais de 20%, o pior desempenho em um dia desde 1991, ano da Guerra do Golfo. Bancos j\u00e1 veem a cota\u00e7\u00e3o do petr\u00f3leo a US$ 20. Neste momento, \u00e9 negociado por volta de US$ 30.<\/p>\n<p>&nbsp;<\/p>\n<p>O novo coronav\u00edrus \u00e9 apontado como o principal fator por tr\u00e1s do p\u00e2nico. O v\u00edrus, que atingiu mais de 100 pa\u00edses, est\u00e1 provocando forte impacto na economia, com com\u00e9rcio e ind\u00fastria parando. A perspectiva \u00e9 de que o mundo entre em recess\u00e3o. E o Brasil n\u00e3o ficar\u00e1 de fora desse movimento.<\/p>\n<p>&nbsp;<\/p>\n<p>Para tentar acalmar os \u00e2nimos, ou pelo menor para minimizar os estragos, o Banco Central triplicou a interven\u00e7\u00e3o programada para o c\u00e2mbio. De in\u00edcio, venderia US$ 1 bilh\u00e3o no mercado \u00e0 vista, mas passou a ofertar US$ 3 bilh\u00f5es. Em meio \u00e0 avers\u00e3o ao risco, os investidores est\u00e3o buscando prote\u00e7\u00e3o na moeda norte-americana.<\/p>\n<p>&nbsp;<\/p>\n<p>Os preju\u00edzos come\u00e7aram pela \u00c1sia, onde as bolsas de valores cederam mais de 4%. Na Europa, os principais mercados cedem entre 7% e 8%. Nos mercados futuros, a Bolsa de Nova York acionou o limite de baixa. Acredita-se que a Bolsa Brasileira pode ser obrigada a interromper os neg\u00f3cios, acionando o circuit breaker, quando chega a queda de 10%.<\/p>\n<p>&nbsp;<\/p>\n<p>Em Bras\u00edlia, o clima \u00e9 de apreens\u00e3o. J\u00e1 se fala entre t\u00e9cnicos da equipe econ\u00f4mica sobre a possibilidade de o Brasil mergulhar na recess\u00e3o. O quadro se agrava diante do clima de beliger\u00e2ncia entre o presidente Jair Bolsonaro e o Congresso. Teme-se que essa crise pol\u00edtica dificulte a aprova\u00e7\u00e3o de reformas.<\/p>\n<p>&nbsp;<\/p>\n<p><em>Bras\u00edlia, 10h05min<\/em><\/p>\n","protected":false},"excerpt":{"rendered":"<p>A segunda-feira (09\/03) come\u00e7ou movida pelo p\u00e2nico. Em todo o mundo, o rastro de preju\u00edzos \u00e9 enorme. No Brasil, o d\u00f3lar j\u00e1 abriu os neg\u00f3cios a R$, 4,75, bateu em R$ 4,79, cedeu ligeiramente para R$ 4,74, depois da interven\u00e7\u00e3o do Banco Central, mas mant\u00e9m alta superior a 2%. A Bolsa de S\u00e3o Paulo come\u00e7ou [&hellip;]<\/p>\n","protected":false},"author":22,"featured_media":10314,"comment_status":"open","ping_status":"closed","sticky":false,"template":"","format":"standard","meta":{"wpb_read_more":[],"footnotes":""},"categories":[600],"tags":[3,2393,4419,343,1494,1459],"class_list":["post-13192","post","type-post","status-publish","format-standard","has-post-thumbnail","hentry","category-economia","tag-banco-central","tag-bolsa","tag-coronavirus","tag-dolar","tag-nervosismo","tag-petroleo"],"_links":{"self":[{"href":"https:\/\/blogs2.correiobraziliense.com.br\/vicente\/wp-json\/wp\/v2\/posts\/13192","targetHints":{"allow":["GET"]}}],"collection":[{"href":"https:\/\/blogs2.correiobraziliense.com.br\/vicente\/wp-json\/wp\/v2\/posts"}],"about":[{"href":"https:\/\/blogs2.correiobraziliense.com.br\/vicente\/wp-json\/wp\/v2\/types\/post"}],"author":[{"embeddable":true,"href":"https:\/\/blogs2.correiobraziliense.com.br\/vicente\/wp-json\/wp\/v2\/users\/22"}],"replies":[{"embeddable":true,"href":"https:\/\/blogs2.correiobraziliense.com.br\/vicente\/wp-json\/wp\/v2\/comments?post=13192"}],"version-history":[{"count":2,"href":"https:\/\/blogs2.correiobraziliense.com.br\/vicente\/wp-json\/wp\/v2\/posts\/13192\/revisions"}],"predecessor-version":[{"id":13194,"href":"https:\/\/blogs2.correiobraziliense.com.br\/vicente\/wp-json\/wp\/v2\/posts\/13192\/revisions\/13194"}],"wp:featuredmedia":[{"embeddable":true,"href":"https:\/\/blogs2.correiobraziliense.com.br\/vicente\/wp-json\/wp\/v2\/media\/10314"}],"wp:attachment":[{"href":"https:\/\/blogs2.correiobraziliense.com.br\/vicente\/wp-json\/wp\/v2\/media?parent=13192"}],"wp:term":[{"taxonomy":"category","embeddable":true,"href":"https:\/\/blogs2.correiobraziliense.com.br\/vicente\/wp-json\/wp\/v2\/categories?post=13192"},{"taxonomy":"post_tag","embeddable":true,"href":"https:\/\/blogs2.correiobraziliense.com.br\/vicente\/wp-json\/wp\/v2\/tags?post=13192"}],"curies":[{"name":"wp","href":"https:\/\/api.w.org\/{rel}","templated":true}]}}