{"id":132,"date":"2015-07-11T00:10:00","date_gmt":"2015-07-11T03:10:00","guid":{"rendered":"https:\/\/blogs2.correiobraziliense.com.br\/vicente\/atraso_total\/"},"modified":"2015-07-11T00:10:00","modified_gmt":"2015-07-11T03:10:00","slug":"atraso_total","status":"publish","type":"post","link":"https:\/\/blogs2.correiobraziliense.com.br\/vicente\/atraso_total\/","title":{"rendered":"ATRASO TOTAL"},"content":{"rendered":"\n<p>A presidente Dilma Rousseff nem bem desembarcar\u00e1 no Brasil neste fim de semana e j\u00e1 ser\u00e1 confrontada com a triste realidade que lhe aguarda: um governo completamente sem dire\u00e7\u00e3o e uma economia afundando a passos largos. A petista aproveitou a viagem \u00e0 R\u00fassia, e, sobretudo, \u00e0 It\u00e1lia, para tentar se livrar um pouco do tormento em que se transformou a sua vida. Mas ela sabe que boa parte \u2014 sen\u00e3o, a maior \u2014 da pesada fatura que est\u00e1 sendo obrigada a arcar foi criada por ela. Dilma colhe o que plantou. <\/p>\n<p>Tanto o governo quanto os agentes econ\u00f4micos esperavam que, neste in\u00edcio de segundo semestre, o Brasil j\u00e1 estivesse debatendo uma agenda mais positiva, de reconstru\u00e7\u00e3o da confian\u00e7a necess\u00e1ria para a retomada dos investimentos, movimento que, mais \u00e0 frente, resultaria em crescimento econ\u00f4mico. O que se v\u00ea, no entanto, \u00e9 um pa\u00eds sem foco, enredado por uma grave recess\u00e3o, por uma onda sem precedentes de pessimismo e por uma crise pol\u00edtica que amea\u00e7a o mandato presidencial. <\/p>\n<p>Para o economista Nicola Tingas, economista-chefe da Associa\u00e7\u00e3o Nacional das Institui\u00e7\u00f5es de Cr\u00e9dito, Financiamento e Investimentos (Acrefi), criou-se um v\u00e1cuo na economia. \u201cAinda estamos presos \u00e0 agenda que come\u00e7ou no fim do primeiro mandato da presidente Dilma, que envolve o ajuste fiscal e o aperto monet\u00e1rio (alta dos juros). Infelizmente, os passos seguintes dessa agenda n\u00e3o foram dados\u201d, diz. O problema se torna maior, acredita ele, porque a primeira fase do projeto de arruma\u00e7\u00e3o da casa est\u00e1 pela metade, amea\u00e7ada pela fragilidade pol\u00edtica do governo, que vem acumulando uma s\u00e9rie de derrotas no Congresso. <\/p>\n<p>\u201cSem a conclus\u00e3o dos ajustes, a confian\u00e7a n\u00e3o voltar\u00e1. E sem confian\u00e7a, n\u00e3o haver\u00e1 crescimento econ\u00f4mico\u201d, alerta Tingas. Ele destaca que os efeitos do atraso podem sem medidos na economia real. O desemprego est\u00e1 disparando, a ind\u00fastria n\u00e3o consegue sair do atoleiro, o com\u00e9rcio v\u00ea as vendas despencarem, o cr\u00e9dito secou. Tudo isso junto, mais a infla\u00e7\u00e3o, s\u00f3 alimenta a desconfian\u00e7a que empurra o pa\u00eds para o buraco. <\/p>\n<p>Logo na ter\u00e7a-feira, o Instituto Brasileiro de Geografia e Estat\u00edstica (IBGE) dar\u00e1 o tom do estado da economia. As vendas do varejo de maio devem apresentar queda de 0,3% ante abril e de 3,5% em rela\u00e7\u00e3o ao mesmo per\u00edodo de 2014, segundo o economista-chefe da Gradual Investimentos, Andr\u00e9 Perfeito. H\u00e1 a expectativa de que, ao longo da semana, o Minist\u00e9rio do Trabalho divulgue os dados relativos ao emprego formal em junho. Estima-se o fechamento de mais de 90 mil vagas \u2014 um choque para o Pal\u00e1cio do Planalto. <\/p>\n<p>Na avalia\u00e7\u00e3o de Nicola Tingas, talvez houvesse um fiapo de esperan\u00e7a para o governo se o mundo estivesse crescendo a um ritmo mais forte e, no horizonte, n\u00e3o despontassem duas amea\u00e7as perturbadores, a Gr\u00e9cia e, em escala muito maior, a China. Os \u00faltimos dias, com o derretimento das bolsas chinesas, mostraram que o sinal de p\u00e2nico dos investimentos est\u00e1 ligado. Nesse contexto, fica dif\u00edcil esperar a m\u00e3o amiga da economia internacional para nos puxar. <\/p>\n<p>Esse quadro se agrava porque, independentemente da alta do d\u00f3lar, nossas exporta\u00e7\u00f5es continuam sem dinamismo. A ind\u00fastria n\u00e3o se preparou tecnologicamente para enfrentar tempos t\u00e3o dif\u00edceis, e a infraestrutura que poderia fazer a diferen\u00e7a continua, por enquanto, apenas uma promessa. \u201cOu seja, estamos muito vulner\u00e1veis. A fase ruim est\u00e1 longe de acabar\u201d, sentencia Tingas. <\/p>\n<p><b>Tombo de 8,6% na constru\u00e7\u00e3o<\/b> <\/p>\n<p>\u00bb A constru\u00e7\u00e3o civil dever\u00e1 fechar este ano com queda de 8,6% pelas proje\u00e7\u00f5es da GO Associados. V\u00e3o pesar para esse p\u00e9ssimo resultado a incapacidade do governo de tocar obras e a paralisia provocada pela descoberta da corrup\u00e7\u00e3o na Petrobras. <\/p>\n<p><b>Cen\u00e1rios para 2016<\/b> <\/p>\n<p>\u00bb A GO, por sinal, tra\u00e7ou tr\u00eas cen\u00e1rios para a economia em 2016. No que a consultoria considera como cen\u00e1rio-base, o Produto Interno Bruto (PIB) crescer\u00e1 0,5%, com o governo conseguindo tocar parte do projeto de concess\u00f5es e cumprir parcela do ajuste fiscal. No mais otimista, em que o Pal\u00e1cio do Planalto leva adiante quase todas as promessas, o avan\u00e7o do PIB ser\u00e1 de 1,5%. No pessimista, de grave crise pol\u00edtica, o PIB tombar\u00e1 5%. <\/p>\n<p><b>Presta\u00e7\u00e3o de contas<\/b> <\/p>\n<p>\u00bb O presidente do Conselho Nacional de Tr\u00e2nsito (Contran), Alberto Angerami, ter\u00e1 de explicar, na pr\u00f3xima ter\u00e7a-feira, em audi\u00eancia no Congresso, a raz\u00e3o pela qual o \u00f3rg\u00e3o adiou, por quatro vezes, o in\u00edcio da obrigatoriedade do exame toxicol\u00f3gico para a emiss\u00e3o e a renova\u00e7\u00e3o da CNH de motoristas das categorias C, D e E (caminh\u00f5es, \u00f4nibus e vans). O presidente da ONG Tr\u00e2nsito Amigo, Fernando Diniz, estima que mais de 30 mil vidas poderiam ter sido poupadas se a medida estivesse em vigor h\u00e1 20 meses. <\/p>\n<p><b>Guerra de egos<\/b> <\/p>\n<p>\u00bb Os minist\u00e9rios da Fazenda e do Planejamento j\u00e1 n\u00e3o falam a mesma l\u00edngua. A grande pergunta no governo \u00e9 se Dilma ter\u00e1 condi\u00e7\u00f5es de unificar o discurso dos comandantes das pastas. <\/p>\n<p>Bras\u00edlia, 00h10min   <\/p>\n","protected":false},"excerpt":{"rendered":"<p>A presidente Dilma Rousseff nem bem desembarcar\u00e1 no Brasil neste fim de semana e j\u00e1 ser\u00e1 confrontada com a triste realidade que lhe aguarda: um governo completamente sem dire\u00e7\u00e3o e uma economia afundando a passos largos. A petista aproveitou a viagem \u00e0 R\u00fassia, e, sobretudo, \u00e0 It\u00e1lia, para tentar se livrar um pouco do tormento [&hellip;]<\/p>\n","protected":false},"author":22,"featured_media":0,"comment_status":"open","ping_status":"open","sticky":false,"template":"","format":"standard","meta":{"wpb_read_more":[],"footnotes":""},"categories":[1],"tags":[],"class_list":["post-132","post","type-post","status-publish","format-standard","hentry","category-sem-categoria"],"_links":{"self":[{"href":"https:\/\/blogs2.correiobraziliense.com.br\/vicente\/wp-json\/wp\/v2\/posts\/132","targetHints":{"allow":["GET"]}}],"collection":[{"href":"https:\/\/blogs2.correiobraziliense.com.br\/vicente\/wp-json\/wp\/v2\/posts"}],"about":[{"href":"https:\/\/blogs2.correiobraziliense.com.br\/vicente\/wp-json\/wp\/v2\/types\/post"}],"author":[{"embeddable":true,"href":"https:\/\/blogs2.correiobraziliense.com.br\/vicente\/wp-json\/wp\/v2\/users\/22"}],"replies":[{"embeddable":true,"href":"https:\/\/blogs2.correiobraziliense.com.br\/vicente\/wp-json\/wp\/v2\/comments?post=132"}],"version-history":[{"count":0,"href":"https:\/\/blogs2.correiobraziliense.com.br\/vicente\/wp-json\/wp\/v2\/posts\/132\/revisions"}],"wp:attachment":[{"href":"https:\/\/blogs2.correiobraziliense.com.br\/vicente\/wp-json\/wp\/v2\/media?parent=132"}],"wp:term":[{"taxonomy":"category","embeddable":true,"href":"https:\/\/blogs2.correiobraziliense.com.br\/vicente\/wp-json\/wp\/v2\/categories?post=132"},{"taxonomy":"post_tag","embeddable":true,"href":"https:\/\/blogs2.correiobraziliense.com.br\/vicente\/wp-json\/wp\/v2\/tags?post=132"}],"curies":[{"name":"wp","href":"https:\/\/api.w.org\/{rel}","templated":true}]}}