{"id":1321,"date":"2016-06-07T18:38:37","date_gmt":"2016-06-07T21:38:37","guid":{"rendered":"https:\/\/blogs2.correiobraziliense.com.br\/vicente\/?p=1321"},"modified":"2016-06-07T19:23:34","modified_gmt":"2016-06-07T22:23:34","slug":"senado-aprova-indicacao-de-ilan-goldfajn-para-o-bc","status":"publish","type":"post","link":"https:\/\/blogs2.correiobraziliense.com.br\/vicente\/senado-aprova-indicacao-de-ilan-goldfajn-para-o-bc\/","title":{"rendered":"Senado aprova indica\u00e7\u00e3o de Ilan Goldfajn para o BC"},"content":{"rendered":"<p>POR ANTONIO TEM\u00d3TEO<\/p>\n<p>&nbsp;<\/p>\n<p>O plen\u00e1rio do Senado Federal aprovou, por 56 votos favor\u00e1veis e 13 contr\u00e1rios, a indica\u00e7\u00e3o do economista Ilan Goldfajn para a presid\u00eancia do Banco Central (BC). Ele foi escolhido para o posto pelo presidente interino, Michel Temer, e pelo ministro da Fazenda, Henrique Meirelles.<\/p>\n<p>&nbsp;<\/p>\n<p>O nome de Goldfajn ainda precisa ser publicado no Di\u00e1rio Oficial da Uni\u00e3o (DOU) para que ele tome posse no BC. A previs\u00e3o \u00e9 de que isso ocorra at\u00e9 a pr\u00f3xima quinta-feira. Com isso, Alexandre Tombini presidir\u00e1 sua \u00faltima reuni\u00e3o do Comit\u00ea de Pol\u00edtica Monet\u00e1ria (Copom), que termina amanh\u00e3. O colegiado manter\u00e1 a taxa b\u00e1sica de juros (Selic) est\u00e1vel, em 14,25% ao ano.<\/p>\n<p>&nbsp;<\/p>\n<p>&nbsp;<\/p>\n","protected":false},"excerpt":{"rendered":"<p>POR ANTONIO TEM\u00d3TEO &nbsp; O plen\u00e1rio do Senado Federal aprovou, por 56 votos favor\u00e1veis e 13 contr\u00e1rios, a indica\u00e7\u00e3o do economista Ilan Goldfajn para a presid\u00eancia do Banco Central (BC). Ele foi escolhido para o posto pelo presidente interino, Michel Temer, e pelo ministro da Fazenda, Henrique Meirelles. &nbsp; O nome de Goldfajn ainda precisa [&hellip;]<\/p>\n","protected":false},"author":22,"featured_media":0,"comment_status":"open","ping_status":"closed","sticky":false,"template":"","format":"standard","meta":{"wpb_read_more":[],"footnotes":""},"categories":[1],"tags":[],"class_list":["post-1321","post","type-post","status-publish","format-standard","hentry","category-sem-categoria"],"_links":{"self":[{"href":"https:\/\/blogs2.correiobraziliense.com.br\/vicente\/wp-json\/wp\/v2\/posts\/1321","targetHints":{"allow":["GET"]}}],"collection":[{"href":"https:\/\/blogs2.correiobraziliense.com.br\/vicente\/wp-json\/wp\/v2\/posts"}],"about":[{"href":"https:\/\/blogs2.correiobraziliense.com.br\/vicente\/wp-json\/wp\/v2\/types\/post"}],"author":[{"embeddable":true,"href":"https:\/\/blogs2.correiobraziliense.com.br\/vicente\/wp-json\/wp\/v2\/users\/22"}],"replies":[{"embeddable":true,"href":"https:\/\/blogs2.correiobraziliense.com.br\/vicente\/wp-json\/wp\/v2\/comments?post=1321"}],"version-history":[{"count":2,"href":"https:\/\/blogs2.correiobraziliense.com.br\/vicente\/wp-json\/wp\/v2\/posts\/1321\/revisions"}],"predecessor-version":[{"id":1323,"href":"https:\/\/blogs2.correiobraziliense.com.br\/vicente\/wp-json\/wp\/v2\/posts\/1321\/revisions\/1323"}],"wp:attachment":[{"href":"https:\/\/blogs2.correiobraziliense.com.br\/vicente\/wp-json\/wp\/v2\/media?parent=1321"}],"wp:term":[{"taxonomy":"category","embeddable":true,"href":"https:\/\/blogs2.correiobraziliense.com.br\/vicente\/wp-json\/wp\/v2\/categories?post=1321"},{"taxonomy":"post_tag","embeddable":true,"href":"https:\/\/blogs2.correiobraziliense.com.br\/vicente\/wp-json\/wp\/v2\/tags?post=1321"}],"curies":[{"name":"wp","href":"https:\/\/api.w.org\/{rel}","templated":true}]}}