{"id":13212,"date":"2020-03-10T12:16:13","date_gmt":"2020-03-10T15:16:13","guid":{"rendered":"https:\/\/blogs2.correiobraziliense.com.br\/vicente\/?p=13212"},"modified":"2020-03-10T18:15:35","modified_gmt":"2020-03-10T21:15:35","slug":"teto-para-o-crescimento-do-brasil-neste-ano-ja-esta-em-15","status":"publish","type":"post","link":"https:\/\/blogs2.correiobraziliense.com.br\/vicente\/teto-para-o-crescimento-do-brasil-neste-ano-ja-esta-em-15\/","title":{"rendered":"Teto para o crescimento do Brasil neste ano j\u00e1 est\u00e1 em 1,5%"},"content":{"rendered":"<h2>O pessimismos est\u00e1 cada vez maior entre os economistas. Ainda que parte deles n\u00e3o queira jogar a toalha, acreditando que o governo tomar\u00e1 ju\u00edzo e encampar\u00e1 as principais reformas que o pa\u00eds precisa fazer, as proje\u00e7\u00f5es apontam que 1,5% virou teto para o crescimento do Produto Interno Bruto (PIB) neste ano.<\/h2>\n<p>&nbsp;<\/p>\n<p>Duas das primeiras institui\u00e7\u00f5es a jogarem as estimativas para o PIB abaixo de 1,5% foram o Banco Fator e o Asa Bank. O Fator acredita que, na melhor das hip\u00f3teses, o PIB avan\u00e7ar\u00e1 1,4% em 2020. O Asa Bank projeta incremento de apenas 1,2%. Foi s\u00f3 o in\u00edcio de um movimento ruim, que se agravou diante dos rastros de preju\u00edzos que se v\u00ea no mundo.<\/p>\n<p>&nbsp;<\/p>\n<p>Entre os analistas, os dados da produ\u00e7\u00e3o industrial divulgados nesta ter\u00e7a-feira (10\/03) pelo Instituto Brasileiro de Geografia e Estat\u00edstica (IBGE), apontando crescimento de 0,9% em janeiro ante dezembro e queda de 0,9% frente a janeiro de 2019, s\u00e3o totalmente ultrapassados, &#8220;do s\u00e9culo passado&#8221;, ressalta um economista.<\/p>\n<p>&nbsp;<\/p>\n<p>As informa\u00e7\u00f5es do IBGE n\u00e3o refletem, nem de longe, o quadro de caos que se instalou no mundo por causa do novo coronav\u00edrus e, mais recentemente, pela guerra de pre\u00e7os do petr\u00f3leo. Se j\u00e1 havia um processo de desacelera\u00e7\u00e3o da economia global, agora, isso se aprofundou de vez.<\/p>\n<p>&nbsp;<\/p>\n<p><strong>Pa\u00eds sem blindagem<\/strong><\/p>\n<p>&nbsp;<\/p>\n<p>O Brasil, ao contr\u00e1rio do que diz o ministro Paulo Guedes, n\u00e3o est\u00e1 blindado da derrocada da economia global. Com certeza, vai sofrer todos os efeitos da epidemia do coronav\u00edrus, que j\u00e1 parou a China e a It\u00e1lia e chegou com for\u00e7a nos Estados Unidos.<\/p>\n<p>&nbsp;<\/p>\n<p>\u00c9 preciso ressaltar que a economia brasileira continua bastante fr\u00e1gil. Muitos acreditaram no discurso de Guedes de que, com a aprova\u00e7\u00e3o da reforma da Previd\u00eancia, o Brasil daria um salto. Isso n\u00e3o s\u00f3 n\u00e3o aconteceu, como os investidores estrangeiros resolveram sair do pa\u00eds por desconfian\u00e7a em rela\u00e7\u00e3o ao governo.<\/p>\n<p>&nbsp;<\/p>\n<p>A percep\u00e7\u00e3o \u00e9 de que o Brasil est\u00e1 sem rumo. Em vez de se preocupar em acalmar os \u00e2nimos e mostrar pulso firme na condu\u00e7\u00e3o da economia, o presidente da Rep\u00fablica est\u00e1 mais preocupado em criar factoides, como o de que venceu as elei\u00e7\u00f5es de 2018 no primeiro turno. Ou seja, o resultado, segundo ele, foi fraudado.<\/p>\n<p>&nbsp;<\/p>\n<p>Com esse tipo de declara\u00e7\u00e3o, Bolsonaro s\u00f3 tensiona ainda mais o ambiente pol\u00edtico, que est\u00e1 esgar\u00e7ado por causa das manifesta\u00e7\u00f5es de 15 de mar\u00e7o contra o Congresso e o Judici\u00e1rio, ato que tem no presidente da Rep\u00fablica o seu principal garoto propaganda.<\/p>\n<p>&nbsp;<\/p>\n<p><em>Bras\u00edlia, 12h16min<\/em><\/p>\n","protected":false},"excerpt":{"rendered":"<p>O pessimismos est\u00e1 cada vez maior entre os economistas. Ainda que parte deles n\u00e3o queira jogar a toalha, acreditando que o governo tomar\u00e1 ju\u00edzo e encampar\u00e1 as principais reformas que o pa\u00eds precisa fazer, as proje\u00e7\u00f5es apontam que 1,5% virou teto para o crescimento do Produto Interno Bruto (PIB) neste ano. &nbsp; Duas das primeiras [&hellip;]<\/p>\n","protected":false},"author":22,"featured_media":10371,"comment_status":"open","ping_status":"closed","sticky":false,"template":"","format":"standard","meta":{"wpb_read_more":[],"footnotes":""},"categories":[600],"tags":[640,1125,1154,2554,4419,113,179,3613,1459,58],"class_list":["post-13212","post","type-post","status-publish","format-standard","has-post-thumbnail","hentry","category-economia","tag-640","tag-1125","tag-1154","tag-bolsonaro","tag-coronavirus","tag-crescimento","tag-crise","tag-paulo-guedes","tag-petroleo","tag-pib"],"_links":{"self":[{"href":"https:\/\/blogs2.correiobraziliense.com.br\/vicente\/wp-json\/wp\/v2\/posts\/13212","targetHints":{"allow":["GET"]}}],"collection":[{"href":"https:\/\/blogs2.correiobraziliense.com.br\/vicente\/wp-json\/wp\/v2\/posts"}],"about":[{"href":"https:\/\/blogs2.correiobraziliense.com.br\/vicente\/wp-json\/wp\/v2\/types\/post"}],"author":[{"embeddable":true,"href":"https:\/\/blogs2.correiobraziliense.com.br\/vicente\/wp-json\/wp\/v2\/users\/22"}],"replies":[{"embeddable":true,"href":"https:\/\/blogs2.correiobraziliense.com.br\/vicente\/wp-json\/wp\/v2\/comments?post=13212"}],"version-history":[{"count":1,"href":"https:\/\/blogs2.correiobraziliense.com.br\/vicente\/wp-json\/wp\/v2\/posts\/13212\/revisions"}],"predecessor-version":[{"id":13213,"href":"https:\/\/blogs2.correiobraziliense.com.br\/vicente\/wp-json\/wp\/v2\/posts\/13212\/revisions\/13213"}],"wp:featuredmedia":[{"embeddable":true,"href":"https:\/\/blogs2.correiobraziliense.com.br\/vicente\/wp-json\/wp\/v2\/media\/10371"}],"wp:attachment":[{"href":"https:\/\/blogs2.correiobraziliense.com.br\/vicente\/wp-json\/wp\/v2\/media?parent=13212"}],"wp:term":[{"taxonomy":"category","embeddable":true,"href":"https:\/\/blogs2.correiobraziliense.com.br\/vicente\/wp-json\/wp\/v2\/categories?post=13212"},{"taxonomy":"post_tag","embeddable":true,"href":"https:\/\/blogs2.correiobraziliense.com.br\/vicente\/wp-json\/wp\/v2\/tags?post=13212"}],"curies":[{"name":"wp","href":"https:\/\/api.w.org\/{rel}","templated":true}]}}