{"id":1324,"date":"2016-06-07T19:10:51","date_gmt":"2016-06-07T22:10:51","guid":{"rendered":"https:\/\/blogs2.correiobraziliense.com.br\/vicente\/?p=1324"},"modified":"2016-06-07T22:06:37","modified_gmt":"2016-06-08T01:06:37","slug":"temer-veta-reajuste-ministros-do-supremo-e-criacao-de-14-mil-cargos","status":"publish","type":"post","link":"https:\/\/blogs2.correiobraziliense.com.br\/vicente\/temer-veta-reajuste-ministros-do-supremo-e-criacao-de-14-mil-cargos\/","title":{"rendered":"Temer veta reajuste a ministros do Supremo e cria\u00e7\u00e3o de 14 mil cargos"},"content":{"rendered":"<p>POR RODOLFO COSTA<\/p>\n<p>&nbsp;<\/p>\n<p>O presidente interino, Michel Temer, recuou na decis\u00e3o de reajustar os sal\u00e1rios dos ministro do Supremo Tribunal Federal (STF) e de apoiar a cria\u00e7\u00e3o de 14 mil cargos. Pressionado pelas fam\u00edlias, pela oposi\u00e7\u00e3o e pelo mercado, o chefe do Executivo foi convencido pelo ministro interino do Planejamento, Dyogo de Oliveira, a mudar de ideia. O aumento aos ministros do STF provocaria um efeito cascata, que quebraria de vez os estados. O governo manter\u00e1 apoio, por\u00e9m, o reajuste para os servidores do Judici\u00e1rio.<\/p>\n<p>&nbsp;<\/p>\n<p>Auxiliares de Temer avaliam que as decis\u00f5es repercutiram negativamente para o governo. Diante do grande n\u00famero de desempregados no pa\u00eds e do descompasso nas contas p\u00fablicas, n\u00e3o pegou bem para Temer a decis\u00e3o inicial de apoiar as medidas, que v\u00e3o contra o ajuste fiscal austero proposto pela equipe econ\u00f4mica.<\/p>\n<p>&nbsp;<\/p>\n<p>Na semana passada, ap\u00f3s a revela\u00e7\u00e3o de que a C\u00e2mara havia autorizado a cria\u00e7\u00e3o dos 14 mil cargos, Temer chamou Oliveira ao Pal\u00e1cio do Jaburu para convencer a sociedade civil e os agentes econ\u00f4micos de que &#8220;n\u00e3o houve cria\u00e7\u00e3o de cargos na administra\u00e7\u00e3o federal, que gerasse aumento de despesas, e sim a compensa\u00e7\u00e3o com a extin\u00e7\u00e3o de outros cargos equivalentes&#8221;.<\/p>\n<p>&nbsp;<\/p>\n<p><em>Bras\u00edlia, 19h10min<\/em><\/p>\n","protected":false},"excerpt":{"rendered":"<p>POR RODOLFO COSTA &nbsp; O presidente interino, Michel Temer, recuou na decis\u00e3o de reajustar os sal\u00e1rios dos ministro do Supremo Tribunal Federal (STF) e de apoiar a cria\u00e7\u00e3o de 14 mil cargos. Pressionado pelas fam\u00edlias, pela oposi\u00e7\u00e3o e pelo mercado, o chefe do Executivo foi convencido pelo ministro interino do Planejamento, Dyogo de Oliveira, a [&hellip;]<\/p>\n","protected":false},"author":22,"featured_media":0,"comment_status":"open","ping_status":"closed","sticky":false,"template":"","format":"standard","meta":{"wpb_read_more":[],"footnotes":""},"categories":[1],"tags":[],"class_list":["post-1324","post","type-post","status-publish","format-standard","hentry","category-sem-categoria"],"_links":{"self":[{"href":"https:\/\/blogs2.correiobraziliense.com.br\/vicente\/wp-json\/wp\/v2\/posts\/1324","targetHints":{"allow":["GET"]}}],"collection":[{"href":"https:\/\/blogs2.correiobraziliense.com.br\/vicente\/wp-json\/wp\/v2\/posts"}],"about":[{"href":"https:\/\/blogs2.correiobraziliense.com.br\/vicente\/wp-json\/wp\/v2\/types\/post"}],"author":[{"embeddable":true,"href":"https:\/\/blogs2.correiobraziliense.com.br\/vicente\/wp-json\/wp\/v2\/users\/22"}],"replies":[{"embeddable":true,"href":"https:\/\/blogs2.correiobraziliense.com.br\/vicente\/wp-json\/wp\/v2\/comments?post=1324"}],"version-history":[{"count":3,"href":"https:\/\/blogs2.correiobraziliense.com.br\/vicente\/wp-json\/wp\/v2\/posts\/1324\/revisions"}],"predecessor-version":[{"id":1327,"href":"https:\/\/blogs2.correiobraziliense.com.br\/vicente\/wp-json\/wp\/v2\/posts\/1324\/revisions\/1327"}],"wp:attachment":[{"href":"https:\/\/blogs2.correiobraziliense.com.br\/vicente\/wp-json\/wp\/v2\/media?parent=1324"}],"wp:term":[{"taxonomy":"category","embeddable":true,"href":"https:\/\/blogs2.correiobraziliense.com.br\/vicente\/wp-json\/wp\/v2\/categories?post=1324"},{"taxonomy":"post_tag","embeddable":true,"href":"https:\/\/blogs2.correiobraziliense.com.br\/vicente\/wp-json\/wp\/v2\/tags?post=1324"}],"curies":[{"name":"wp","href":"https:\/\/api.w.org\/{rel}","templated":true}]}}