{"id":1328,"date":"2016-06-07T19:58:27","date_gmt":"2016-06-07T22:58:27","guid":{"rendered":"https:\/\/blogs2.correiobraziliense.com.br\/vicente\/?p=1328"},"modified":"2016-06-07T22:32:27","modified_gmt":"2016-06-08T01:32:27","slug":"tiago-berriel-substituira-tony-volpon-na-diretoria-de-assuntos-internacionais-do-bc","status":"publish","type":"post","link":"https:\/\/blogs2.correiobraziliense.com.br\/vicente\/tiago-berriel-substituira-tony-volpon-na-diretoria-de-assuntos-internacionais-do-bc\/","title":{"rendered":"Tiago Berriel substituir\u00e1 Tony Volpon na diretoria de Assuntos Internacionais do BC"},"content":{"rendered":"<p>Disposto a dar uma nova linha de pensamento ao Banco Central, o novo presidente da institui\u00e7\u00e3o, Ilan Goldfajn, nomear\u00e1 Tiago Berriel, da Pontif\u00edcia Universidade Cat\u00f3lica do Rio de Janeiro (PUC-Rio) para a diretoria de Assuntos Internacionais. Ele substituir\u00e1 Tony Volpon, o \u00fanico integrate da atual diretoria de fora do servi\u00e7o p\u00fablico.<\/p>\n<p>&nbsp;<\/p>\n<p>Berriel \u00e9 especialista em pol\u00edtica monet\u00e1ria, assim como Carlos Viana de Carvalho, que responder\u00e1 pela diretoria de Politica Econ\u00f4mica, como informou o <b>Blog<\/b> mais cedo. Berriel tem \u00f3tima rela\u00e7\u00e3o com Ilan, que, junto com Arm\u00ednio Fraga, o orientou em uma tese na PUC. Ele teve passagem pela Pac\u00edfico Gest\u00e3o de Recursos como analista de macroeconomia.<\/p>\n<p>&nbsp;<\/p>\n<p>Os nomes dos novos diretores do BC ser\u00e3o anunciados oficialmente nos pr\u00f3ximos dias, logo ap\u00f3s a posse oficial de Ilan, que substituir\u00e1 Alexandre Tombini, agraciado com um cargo no Fundo Monet\u00e1rio Internacional (FMI).<\/p>\n<p>&nbsp;<\/p>\n<p><i>Bras\u00edlia, 19h58min<\/i><\/p>\n","protected":false},"excerpt":{"rendered":"<p>Disposto a dar uma nova linha de pensamento ao Banco Central, o novo presidente da institui\u00e7\u00e3o, Ilan Goldfajn, nomear\u00e1 Tiago Berriel, da Pontif\u00edcia Universidade Cat\u00f3lica do Rio de Janeiro (PUC-Rio) para a diretoria de Assuntos Internacionais. Ele substituir\u00e1 Tony Volpon, o \u00fanico integrate da atual diretoria de fora do servi\u00e7o p\u00fablico. &nbsp; Berriel \u00e9 especialista [&hellip;]<\/p>\n","protected":false},"author":22,"featured_media":0,"comment_status":"open","ping_status":"closed","sticky":false,"template":"","format":"standard","meta":{"wpb_read_more":[],"footnotes":""},"categories":[1],"tags":[],"class_list":["post-1328","post","type-post","status-publish","format-standard","hentry","category-sem-categoria"],"_links":{"self":[{"href":"https:\/\/blogs2.correiobraziliense.com.br\/vicente\/wp-json\/wp\/v2\/posts\/1328","targetHints":{"allow":["GET"]}}],"collection":[{"href":"https:\/\/blogs2.correiobraziliense.com.br\/vicente\/wp-json\/wp\/v2\/posts"}],"about":[{"href":"https:\/\/blogs2.correiobraziliense.com.br\/vicente\/wp-json\/wp\/v2\/types\/post"}],"author":[{"embeddable":true,"href":"https:\/\/blogs2.correiobraziliense.com.br\/vicente\/wp-json\/wp\/v2\/users\/22"}],"replies":[{"embeddable":true,"href":"https:\/\/blogs2.correiobraziliense.com.br\/vicente\/wp-json\/wp\/v2\/comments?post=1328"}],"version-history":[{"count":1,"href":"https:\/\/blogs2.correiobraziliense.com.br\/vicente\/wp-json\/wp\/v2\/posts\/1328\/revisions"}],"predecessor-version":[{"id":1329,"href":"https:\/\/blogs2.correiobraziliense.com.br\/vicente\/wp-json\/wp\/v2\/posts\/1328\/revisions\/1329"}],"wp:attachment":[{"href":"https:\/\/blogs2.correiobraziliense.com.br\/vicente\/wp-json\/wp\/v2\/media?parent=1328"}],"wp:term":[{"taxonomy":"category","embeddable":true,"href":"https:\/\/blogs2.correiobraziliense.com.br\/vicente\/wp-json\/wp\/v2\/categories?post=1328"},{"taxonomy":"post_tag","embeddable":true,"href":"https:\/\/blogs2.correiobraziliense.com.br\/vicente\/wp-json\/wp\/v2\/tags?post=1328"}],"curies":[{"name":"wp","href":"https:\/\/api.w.org\/{rel}","templated":true}]}}