{"id":133,"date":"2015-07-14T11:14:00","date_gmt":"2015-07-14T14:14:00","guid":{"rendered":"https:\/\/blogs2.correiobraziliense.com.br\/vicente\/perto_do_fim\/"},"modified":"2015-07-14T11:14:00","modified_gmt":"2015-07-14T14:14:00","slug":"perto_do_fim","status":"publish","type":"post","link":"https:\/\/blogs2.correiobraziliense.com.br\/vicente\/perto_do_fim\/","title":{"rendered":"PERTO DO FIM"},"content":{"rendered":"\n<p>Faltando duas semanas para a pr\u00f3xima reuni\u00e3o do Comit\u00ea de Pol\u00edtica Monet\u00e1ria (Copom), a taxa b\u00e1sica de juros (Selic) entrou no debate dentro do governo. Parcela importante de integrantes da equipe econ\u00f4mica acredita que o Banco Central dar\u00e1, em 29 de julho, mais uma alta nos juros e encerrar\u00e1 o processo de arrocho retomado tr\u00eas dias depois de as urnas ratificarem o segundo mandato \u00e0 presidente Dilma Rousseff, em outubro de 2014.   <\/p>\n<p>A aposta majorit\u00e1ria entre os t\u00e9cnicos do governo \u00e9 de que o BC elevar\u00e1 a Selic em mais 0,25 ponto percentual, para 14% ao ano, sem, no entanto, explicitar que o aperto monet\u00e1rio chegou ao fim. A estrat\u00e9gia da institui\u00e7\u00e3o ser\u00e1 deixar as portas abertas at\u00e9 setembro, quando voltar\u00e1 a se reunir, para dar um veredito sobre os juros.   <\/p>\n<p>Como se acredita que os indicadores, especialmente os de desemprego, v\u00e3o piorar muito, mostrando a economia no fundo do po\u00e7o, ser\u00e1 mais f\u00e1cil para a autoridade monet\u00e1ria convencer os investidores de que o trabalho que tinha que ser feito para levar a infla\u00e7\u00e3o ao centro da meta, de 4,5%, ao fim de 2016, estaria completo.   <\/p>\n<p>O grande temor do BC, ao n\u00e3o ratificar, explicitamente, o fim do arrocho na Selic no fim deste m\u00eas \u00e9 de que o mercado passe a especular que a decis\u00e3o teve conota\u00e7\u00f5es pol\u00edticas, ou seja, que o time comandado por Alexandre Tombini cedeu aos apelos do Pal\u00e1cio do Planalto para evitar uma contra\u00e7\u00e3o mais forte da economia.   <\/p>\n<p>Dentro do governo, esse tipo de especula\u00e7\u00e3o \u00e9 visto como esquizofrenia do mercado. H\u00e1 analistas que, claramente, v\u00eam dizendo que o BC j\u00e1 se excedeu no aumento dos juros. Portanto, n\u00e3o h\u00e1 como, depois de consumado o encerramento do processo de alta da Selic, esse tipo de insinua\u00e7\u00e3o prevalecer entre os investidores.   <\/p>\n<p>Derretimento   <\/p>\n<p>Os n\u00fameros que circulam pelo governo indicam que a retra\u00e7\u00e3o da economia neste ano est\u00e1 mais pr\u00f3xima de 2%. E s\u00f3 n\u00e3o ser\u00e1 maior porque, com a forte queda das importa\u00e7\u00f5es, o setor externo dar\u00e1 contribui\u00e7\u00e3o positiva para o c\u00e1lculo do Produto Interno Bruto (PIB). H\u00e1 ainda indicadores mostrando que, apenas em junho, foram fechadas quase 100 mil vagas formais, uma deteriora\u00e7\u00e3o muito r\u00e1pida do mercado de trabalho.   <\/p>\n<p>Todos esses n\u00fameros est\u00e3o sendo incorporados nas contas do BC para definir a Selic. E devem ser levados em considera\u00e7\u00e3o pelos analistas para formar as expectativas em rela\u00e7\u00e3o ao \u00cdndice de Pre\u00e7os ao Consumidor Amplo (IPCA) de 2016. As proje\u00e7\u00f5es atuais se mant\u00eam resistentes entre 5,4% e 5,5%, mas a equipe econ\u00f4mica acredita que, at\u00e9 setembro, devem estar encostando em 4,5%. As estimativas de infla\u00e7\u00e3o para o ano que vem v\u00e3o encolher na velocidade da redu\u00e7\u00e3o da atividade, dizem os t\u00e9cnicos.   <\/p>\n<p>Diante da esperada tens\u00e3o dentro do governo e no mercado sobre os rumos da Selic, Alexandre Tombini j\u00e1 se movimenta para que a unidade permane\u00e7a entre os integrantes do BC. Se a op\u00e7\u00e3o for pela alta de 0,25 ponto, que todos votem por ela. Se for pelo aumento de 0,50 ponto \u2014 metade do mercado acha que o BC ser\u00e1 mais radical, porque a infla\u00e7\u00e3o ainda est\u00e1 muito alta \u2014, que n\u00e3o haja disson\u00e2ncia.   <\/p>\n<p>N\u00e3o custa lembrar que tanto a subida dos juros neste m\u00eas quanto o movimento que vier a ser feito em setembro s\u00f3 ter\u00e3o impacto na economia em 2016, uma vez que o efeito defasado da pol\u00edtica monet\u00e1ria se d\u00e1 entre seis e nove meses. Sendo assim, daqui por diante, as decis\u00f5es do BC ter\u00e3o a ver muito mais com o controle de expectativas dos agentes econ\u00f4micos do que com o combate efetivo da infla\u00e7\u00e3o. \u00c9 o pre\u00e7o da credibilidade.   <\/p>\n<p>No colo de Temer   <\/p>\n<p>\u00bb Joseph Couri, presidente da Associa\u00e7\u00e3o Nacional dos Sindicatos das Micro e Pequenas Empresas (Assimpi), despejou n\u00fameros assustadores no colo do vice-presidente da Rep\u00fablica, Michel Temer. Disse que 62% das micro e pequenas empresas correm o risco de fechar as portas por causa das crises pol\u00edtica e econ\u00f4mica.   <\/p>\n<p>Press\u00e3o por capital   <\/p>\n<p>\u00bb Segundo Couri, 22% do setor j\u00e1 fez, neste ano, cortes que atingiram 177 mil trabalhadores somente em S\u00e3o Paulo. \u201cPedi a Temer que n\u00e3o deixe as empresas quebrarem\u201d conta. Ele ressalta que solicitou ao vice que o Banco Central force os bancos a liberarem capital de giro \u00e0s firmas. Temer ficou de conversar com Alexandre Tombini.   <\/p>\n<p>Dilma no limbo   <\/p>\n<p>\u00bb Pesquisa realizada com micro e pequenos empres\u00e1rios mostra que 76% consideram o governo Dilma ruim ou p\u00e9ssimo. Apenas 5% aprovam a administra\u00e7\u00e3o da petista.   <\/p>\n<p>Persona non grata   <\/p>\n<p>\u00bb O secret\u00e1rio executivo do Minist\u00e9rio do Planejamento, Dyogo de Oliveira, j\u00e1 n\u00e3o figura mais na lista de pessoas queridas do ministro da Fazenda, Joaquim Levy.   <\/p>\n<p>Bras\u00edlia, 11h15min   <\/p>\n","protected":false},"excerpt":{"rendered":"<p>Faltando duas semanas para a pr\u00f3xima reuni\u00e3o do Comit\u00ea de Pol\u00edtica Monet\u00e1ria (Copom), a taxa b\u00e1sica de juros (Selic) entrou no debate dentro do governo. Parcela importante de integrantes da equipe econ\u00f4mica acredita que o Banco Central dar\u00e1, em 29 de julho, mais uma alta nos juros e encerrar\u00e1 o processo de arrocho retomado tr\u00eas [&hellip;]<\/p>\n","protected":false},"author":22,"featured_media":0,"comment_status":"open","ping_status":"open","sticky":false,"template":"","format":"standard","meta":{"wpb_read_more":[],"footnotes":""},"categories":[1],"tags":[],"class_list":["post-133","post","type-post","status-publish","format-standard","hentry","category-sem-categoria"],"_links":{"self":[{"href":"https:\/\/blogs2.correiobraziliense.com.br\/vicente\/wp-json\/wp\/v2\/posts\/133","targetHints":{"allow":["GET"]}}],"collection":[{"href":"https:\/\/blogs2.correiobraziliense.com.br\/vicente\/wp-json\/wp\/v2\/posts"}],"about":[{"href":"https:\/\/blogs2.correiobraziliense.com.br\/vicente\/wp-json\/wp\/v2\/types\/post"}],"author":[{"embeddable":true,"href":"https:\/\/blogs2.correiobraziliense.com.br\/vicente\/wp-json\/wp\/v2\/users\/22"}],"replies":[{"embeddable":true,"href":"https:\/\/blogs2.correiobraziliense.com.br\/vicente\/wp-json\/wp\/v2\/comments?post=133"}],"version-history":[{"count":0,"href":"https:\/\/blogs2.correiobraziliense.com.br\/vicente\/wp-json\/wp\/v2\/posts\/133\/revisions"}],"wp:attachment":[{"href":"https:\/\/blogs2.correiobraziliense.com.br\/vicente\/wp-json\/wp\/v2\/media?parent=133"}],"wp:term":[{"taxonomy":"category","embeddable":true,"href":"https:\/\/blogs2.correiobraziliense.com.br\/vicente\/wp-json\/wp\/v2\/categories?post=133"},{"taxonomy":"post_tag","embeddable":true,"href":"https:\/\/blogs2.correiobraziliense.com.br\/vicente\/wp-json\/wp\/v2\/tags?post=133"}],"curies":[{"name":"wp","href":"https:\/\/api.w.org\/{rel}","templated":true}]}}