{"id":1330,"date":"2016-06-08T07:05:14","date_gmt":"2016-06-08T10:05:14","guid":{"rendered":"https:\/\/blogs2.correiobraziliense.com.br\/vicente\/?p=1330"},"modified":"2016-06-08T07:48:11","modified_gmt":"2016-06-08T10:48:11","slug":"coluna-no-correio-hora-da-verdade","status":"publish","type":"post","link":"https:\/\/blogs2.correiobraziliense.com.br\/vicente\/coluna-no-correio-hora-da-verdade\/","title":{"rendered":"Coluna no Correio: Hora da verdade"},"content":{"rendered":"<p>O pedido de pris\u00e3o de quatro dos principais caciques do PMDB \u2014 Eduardo Cunha, Renan Calheiros, Jos\u00e9 Sarney e Romero Juc\u00e1 \u2014 deixou o governo de Michel Temer a um passo da derrocada. Se o presidente interino n\u00e3o conseguir aprovar, rapidamente, medidas econ\u00f4micas de peso para sinalizar aos investidores que mant\u00e9m o controle sobre a economia, estar\u00e1 fadado ao fracasso e o pior que pode acontecer ao pa\u00eds, a volta de Dilma Rousseff ao poder ser\u00e1 mais prov\u00e1vel do que nunca.<\/p>\n<p>&nbsp;<\/p>\n<p>A tens\u00e3o provocada pelo procurador-geral da Rep\u00fablica, Rodrigo Janot, \u00e9 grande. Metade dos minist\u00e9rios de Temer foi indicada por Renan, Cunha, Sarney e Juc\u00e1. Com eles na linha de tiro do Supremo Tribunal Federal (STF), o PMDB se enfraquece e deixa o presidente interino mais dependente do Centr\u00e3o, agrupamento de partidos que hoje d\u00e3o sustenta\u00e7\u00e3o ao governo. O problema \u00e9 que a uni\u00e3o dessas legendas \u00e9 vista pelo Pal\u00e1cio do Planalto como uma gelatina que pode se dissolver a qualquer momento. Se o apoio ruir, nada de importante ser\u00e1 aprovado no Congresso Nacional.<\/p>\n<p>&nbsp;<\/p>\n<p>N\u00e3o por acaso, os investidores acenderam o sinal de alerta. Institucionalmente, os partidos do Centr\u00e3o s\u00e3o fracos. S\u00e3o pequenos feudos, extremamente conservadores, que se re\u00fanem para tentar criar algo grande. Eles n\u00e3o t\u00eam projetos para o pa\u00eds, est\u00e3o mais preocupados em obter cargos e vantagens. N\u00e3o ser\u00e1 surpresa se, por conta do apetite desses partidos e da situa\u00e7\u00e3o fr\u00e1gil em que se encontra, o peemedebista der mais um recuo e liberar nomea\u00e7\u00f5es para estatais e fundos de pens\u00e3o mesmo sem a aprova\u00e7\u00e3o, no Congresso, da lei que restringe as indica\u00e7\u00f5es para essas empresas e entidades de previd\u00eancia complementar.<\/p>\n<p>&nbsp;<\/p>\n<p>Temer ainda n\u00e3o completou um m\u00eas de governo e corre o risco de ser obrigado a entregar todos os an\u00e9is e alguns dedos para manter as m\u00e3os. Ficar\u00e1, no entanto, numa situa\u00e7\u00e3o muito parecida com a de Dilma pouco antes de ela ser apeada do poder pela abertura do processo de impeachment pelo Senado. A \u00fanica forma de o presidente interino se diferenciar da petista \u00e9 aprovando projetos importantes, como o que limita o aumento dos gastos \u00e0 infla\u00e7\u00e3o do ano anterior.<\/p>\n<p>&nbsp;<\/p>\n<p>N\u00e3o \u00e9 s\u00f3. Ter\u00e1 que contar com a solidariedade do ministro da Fazenda, Henrique Meirelles, e do presidente do Banco Central, Ilan Goldfajn, para convencer os agentes econ\u00f4micos de que o compromisso com o ajuste fiscal est\u00e1 de p\u00e9. Tanto que o pr\u00f3prio Temer e Meirelles se ocuparam de procurar o STF para avisar que o governo vetar\u00e1 o reajuste dos sal\u00e1rios dos ministros da Corte, como forma de evitar que o aumento do teto do funcionalismo provoque um efeito cascata sobre os estados, que est\u00e3o quebrados.<\/p>\n<p>&nbsp;<\/p>\n<p><b>Pior da pol\u00edtica<\/b><\/p>\n<p>&nbsp;<\/p>\n<p>Apesar de toda a apreens\u00e3o dentro do governo, a avalia\u00e7\u00e3o sobre os pedidos de pris\u00e3o feitos por Janot \u00e9 de que o STF n\u00e3o levar\u00e1 adiante o assunto. No m\u00e1ximo, mandar\u00e1 Eduardo Cunha para tr\u00e1s das grades \u2014 o que, se ressalte, far\u00e1 tarde. O Supremo tem a exata no\u00e7\u00e3o do desejo popular de ver os peemedebistas na cadeia ou usando tornozeleiras, como seria o caso de Sarney, devido \u00e0 idade avan\u00e7ada. Mas tende a n\u00e3o ceder \u00e0s press\u00f5es das ruas para n\u00e3o abrir mais precedentes. A pris\u00e3o de Delc\u00eddio do Amaral em pleno mandato de senador e o afastamento de Cunha do mandato e da presid\u00eancia da C\u00e2mara s\u00e3o considerados fatos extremos, que, na vis\u00e3o dos magistrados, n\u00e3o podem se tornar corriqueiros.<\/p>\n<p>&nbsp;<\/p>\n<p>Mas em se tratando de Lava-Jato, tudo pode acontecer. A opera\u00e7\u00e3o que desvendou o espantoso processo de corrup\u00e7\u00e3o na Petrobras ganhou for\u00e7a pr\u00f3pria. N\u00e3o h\u00e1 mais como det\u00ea-la, por mais que queiram os pol\u00edticos. Todos, por sinal, que tentaram ou pensaram em obstru\u00ed-la est\u00e3o presos ou prestes a s\u00ea-lo. Isso torna o cen\u00e1rio imprevis\u00edvel para o governo, que, por necessidade de apoio, teve que se aliar ao que h\u00e1 de pior na pol\u00edtica \u2014 nesse grupo, s\u00f3 n\u00e3o est\u00e1 o PT, que comandou o desvio de dinheiro p\u00fablico e teve a maior derrota at\u00e9 agora: a perda da Presid\u00eancia da Rep\u00fablica.<\/p>\n<p>&nbsp;<\/p>\n<p>Para os investidores, se quiser sobreviver, Temer ter\u00e1 que encontrar sozinho uma sa\u00edda que resulte na arruma\u00e7\u00e3o da economia e na aprova\u00e7\u00e3o definitiva do impeachment de Dilma, o que exigir\u00e1 a maioria no Senado. Desde que ele chegou ao Pal\u00e1cio do Planalto, todos os \u00edndices de expectativa melhoraram. Foi um voto de confian\u00e7a dos agentes econ\u00f4micos. Acreditou-se que com um novo governo, com responsabilidade fiscal e compromisso com a retomada do crescimento, o pa\u00eds entraria de novo nos trilhos. Essa vis\u00e3o, no entanto, est\u00e1 se revertendo rapidamente, tamanha a fragilidade que o peemedebista vem demonstrando, com recuos, vacilos e escolhas erradas de auxiliares.<\/p>\n<p>&nbsp;<\/p>\n<p>Os pr\u00f3ximos dias ser\u00e3o dram\u00e1ticos para Temer. Ele ter\u00e1 que provar que est\u00e1 descolado da Lava-Jato e que, a despeito de a c\u00fapula do PMDB estar ruindo, tem condi\u00e7\u00f5es de conduzir o pa\u00eds pelo melhor caminho. A meta \u00e9 anunciar, o mais rapidamente poss\u00edvel, um pacote de medidas de curto prazo para reanimar os \u00e2nimos do empresariado e das fam\u00edlias. As medidas, por\u00e9m, ter\u00e3o que ser fact\u00edveis, com resultados r\u00e1pidos. Se o tempo j\u00e1 corria contra o presidente interino, agora os ponteiros aceleraram o passo. A hora da verdade de Temer chegou.<\/p>\n<p>&nbsp;<\/p>\n<p><i>Bras\u00edlia, 07ho5min<\/i><\/p>\n","protected":false},"excerpt":{"rendered":"<p>O pedido de pris\u00e3o de quatro dos principais caciques do PMDB \u2014 Eduardo Cunha, Renan Calheiros, Jos\u00e9 Sarney e Romero Juc\u00e1 \u2014 deixou o governo de Michel Temer a um passo da derrocada. Se o presidente interino n\u00e3o conseguir aprovar, rapidamente, medidas econ\u00f4micas de peso para sinalizar aos investidores que mant\u00e9m o controle sobre a [&hellip;]<\/p>\n","protected":false},"author":22,"featured_media":0,"comment_status":"open","ping_status":"closed","sticky":false,"template":"","format":"standard","meta":{"wpb_read_more":[],"footnotes":""},"categories":[1],"tags":[],"class_list":["post-1330","post","type-post","status-publish","format-standard","hentry","category-sem-categoria"],"_links":{"self":[{"href":"https:\/\/blogs2.correiobraziliense.com.br\/vicente\/wp-json\/wp\/v2\/posts\/1330","targetHints":{"allow":["GET"]}}],"collection":[{"href":"https:\/\/blogs2.correiobraziliense.com.br\/vicente\/wp-json\/wp\/v2\/posts"}],"about":[{"href":"https:\/\/blogs2.correiobraziliense.com.br\/vicente\/wp-json\/wp\/v2\/types\/post"}],"author":[{"embeddable":true,"href":"https:\/\/blogs2.correiobraziliense.com.br\/vicente\/wp-json\/wp\/v2\/users\/22"}],"replies":[{"embeddable":true,"href":"https:\/\/blogs2.correiobraziliense.com.br\/vicente\/wp-json\/wp\/v2\/comments?post=1330"}],"version-history":[{"count":1,"href":"https:\/\/blogs2.correiobraziliense.com.br\/vicente\/wp-json\/wp\/v2\/posts\/1330\/revisions"}],"predecessor-version":[{"id":1331,"href":"https:\/\/blogs2.correiobraziliense.com.br\/vicente\/wp-json\/wp\/v2\/posts\/1330\/revisions\/1331"}],"wp:attachment":[{"href":"https:\/\/blogs2.correiobraziliense.com.br\/vicente\/wp-json\/wp\/v2\/media?parent=1330"}],"wp:term":[{"taxonomy":"category","embeddable":true,"href":"https:\/\/blogs2.correiobraziliense.com.br\/vicente\/wp-json\/wp\/v2\/categories?post=1330"},{"taxonomy":"post_tag","embeddable":true,"href":"https:\/\/blogs2.correiobraziliense.com.br\/vicente\/wp-json\/wp\/v2\/tags?post=1330"}],"curies":[{"name":"wp","href":"https:\/\/api.w.org\/{rel}","templated":true}]}}