{"id":13307,"date":"2020-03-15T20:58:48","date_gmt":"2020-03-15T23:58:48","guid":{"rendered":"https:\/\/blogs2.correiobraziliense.com.br\/vicente\/?p=13307"},"modified":"2020-03-15T21:31:39","modified_gmt":"2020-03-16T00:31:39","slug":"mercados-reagem-mal-a-acao-de-fed-e-desabam-mundo-afora","status":"publish","type":"post","link":"https:\/\/blogs2.correiobraziliense.com.br\/vicente\/mercados-reagem-mal-a-acao-de-fed-e-desabam-mundo-afora\/","title":{"rendered":"Mercados reagem mal \u00e0 a\u00e7\u00e3o de Fed e desabam mundo afora"},"content":{"rendered":"<h2>O que deveria ser visto como uma boa not\u00edcia, a dr\u00e1stica redu\u00e7\u00e3o dos juros pelo Federal Reserve (Fed), o Banco Central dos Estados Unidos, em a\u00e7\u00e3o coordenada com os principais bancos centrais do mundo, provocou uma nova onda de p\u00e2nico nos mercados mundiais.<\/h2>\n<p>&nbsp;<\/p>\n<p>O desconforto foi t\u00e3o grande, que os mercados futuros de a\u00e7\u00f5es de Nova York desabaram. O \u00edndice Dow Jones, um dos principais indicadores da Bolsa de Nova York, despencou 1 mil pontos (mais de 4%), atingindo seu limite de baixa. Os investidores ficaram assustados. Viram como um ato de desespero o movimento do Fed e dos demais BCs para reduzir os impactos do novo coronav\u00edrus na economia.<\/p>\n<p>&nbsp;<\/p>\n<p>A percep\u00e7\u00e3o \u00e9 de que o impacto do coronav\u00edrus na economia ser\u00e1 muito maior do que est\u00e1 se imaginando, com as principais economias do planeta praticamente parando. Ou seja, a recess\u00e3o global j\u00e1 est\u00e1 contratada. E n\u00e3o livrar\u00e1 nenhum pa\u00eds, nem o Brasil, onde o presidente da Rep\u00fablica, Jair Bolsonaro, parece alheio \u00e0 realidade.<\/p>\n<p>&nbsp;<\/p>\n<p><strong>Quest\u00e3o fiscal<\/strong><\/p>\n<p>&nbsp;<\/p>\n<p>Para Andr\u00e9 Perfeito, economista-chefe da Necton, a decis\u00e3o do Fed \u00e9 &#8220;desastrosa&#8221;, pois mais confunde do que esclarece as d\u00favidas de todos. No entender dele, a\u00e7\u00f5es de pol\u00edtica monet\u00e1ria trazem mais ru\u00eddos do que solu\u00e7\u00e3o. O problema agora, acredita ele, \u00e9 fiscal. Os governo precisam agir para manter a economia funcionando.<\/p>\n<p>&nbsp;<\/p>\n<p>Ele diz que governos e bancos centrais precisam salvar vidas e fazer com que recursos liberados cheguem diretamente \u00e0s empresas, que est\u00e3o fechando as portas sem perspectiva de retomada dos neg\u00f3cios enquanto a pandemia do novo coronav\u00edrus n\u00e3o for controlada.<\/p>\n<p>&nbsp;<\/p>\n<p>Esse debate, por sinal, est\u00e1 se acirrando no Brasil. Um ala de economistas diz que o governo deve acelerar os gastos neste momento, para ocupar o espa\u00e7o que ser\u00e1 deixado pelo setor privado no auge da crise provocada pelo novo coronav\u00edrus. Cogita-se, inclusive, o afrouxamento da meta fiscal, que prev\u00ea deficit de R$ 124,1 bilh\u00f5es neste ano.<\/p>\n<p>&nbsp;<\/p>\n<p>O problema \u00e9 que o ministro da Economia, Paulo Guedes, \u00e9 totalmente contr\u00e1rio ao aumento de despesas do governo. Os economistas que compartilham da vis\u00e3o do ministro dizem que relaxar a meta fiscal neste momento pode custar caro ao pa\u00eds, pois, mais \u00e0 frente, obrigar\u00e1 o Banco Central a elevar os juros.<\/p>\n<p>&nbsp;<\/p>\n<p><em>Bras\u00edlia, 20h58min<\/em><\/p>\n","protected":false},"excerpt":{"rendered":"<p>O que deveria ser visto como uma boa not\u00edcia, a dr\u00e1stica redu\u00e7\u00e3o dos juros pelo Federal Reserve (Fed), o Banco Central dos Estados Unidos, em a\u00e7\u00e3o coordenada com os principais bancos centrais do mundo, provocou uma nova onda de p\u00e2nico nos mercados mundiais. &nbsp; O desconforto foi t\u00e3o grande, que os mercados futuros de a\u00e7\u00f5es [&hellip;]<\/p>\n","protected":false},"author":22,"featured_media":11173,"comment_status":"open","ping_status":"closed","sticky":false,"template":"","format":"standard","meta":{"wpb_read_more":[],"footnotes":""},"categories":[600],"tags":[2393,4419,179,1103,2254,358],"class_list":["post-13307","post","type-post","status-publish","format-standard","has-post-thumbnail","hentry","category-economia","tag-bolsa","tag-coronavirus","tag-crise","tag-fed","tag-mercados","tag-nova-york"],"_links":{"self":[{"href":"https:\/\/blogs2.correiobraziliense.com.br\/vicente\/wp-json\/wp\/v2\/posts\/13307","targetHints":{"allow":["GET"]}}],"collection":[{"href":"https:\/\/blogs2.correiobraziliense.com.br\/vicente\/wp-json\/wp\/v2\/posts"}],"about":[{"href":"https:\/\/blogs2.correiobraziliense.com.br\/vicente\/wp-json\/wp\/v2\/types\/post"}],"author":[{"embeddable":true,"href":"https:\/\/blogs2.correiobraziliense.com.br\/vicente\/wp-json\/wp\/v2\/users\/22"}],"replies":[{"embeddable":true,"href":"https:\/\/blogs2.correiobraziliense.com.br\/vicente\/wp-json\/wp\/v2\/comments?post=13307"}],"version-history":[{"count":2,"href":"https:\/\/blogs2.correiobraziliense.com.br\/vicente\/wp-json\/wp\/v2\/posts\/13307\/revisions"}],"predecessor-version":[{"id":13309,"href":"https:\/\/blogs2.correiobraziliense.com.br\/vicente\/wp-json\/wp\/v2\/posts\/13307\/revisions\/13309"}],"wp:featuredmedia":[{"embeddable":true,"href":"https:\/\/blogs2.correiobraziliense.com.br\/vicente\/wp-json\/wp\/v2\/media\/11173"}],"wp:attachment":[{"href":"https:\/\/blogs2.correiobraziliense.com.br\/vicente\/wp-json\/wp\/v2\/media?parent=13307"}],"wp:term":[{"taxonomy":"category","embeddable":true,"href":"https:\/\/blogs2.correiobraziliense.com.br\/vicente\/wp-json\/wp\/v2\/categories?post=13307"},{"taxonomy":"post_tag","embeddable":true,"href":"https:\/\/blogs2.correiobraziliense.com.br\/vicente\/wp-json\/wp\/v2\/tags?post=13307"}],"curies":[{"name":"wp","href":"https:\/\/api.w.org\/{rel}","templated":true}]}}