{"id":13312,"date":"2020-03-16T10:34:48","date_gmt":"2020-03-16T13:34:48","guid":{"rendered":"https:\/\/blogs2.correiobraziliense.com.br\/vicente\/?p=13312"},"modified":"2020-03-16T11:02:15","modified_gmt":"2020-03-16T14:02:15","slug":"bolsa-abre-em-queda-e-circuit-breaker-e-acionado-de-novo","status":"publish","type":"post","link":"https:\/\/blogs2.correiobraziliense.com.br\/vicente\/bolsa-abre-em-queda-e-circuit-breaker-e-acionado-de-novo\/","title":{"rendered":"Bolsa abre em queda de mais de 10% e circuit breaker \u00e9 acionado de novo"},"content":{"rendered":"<h2><span style=\"font-weight: 400\">ROSANA HESSEL<\/span><\/h2>\n<p>&nbsp;<\/p>\n<p><span style=\"font-weight: 400\">O medo do novo coronav\u00edrus contaminou a Bolsa de Valores de S\u00e3o Paulo (B3), que abriu a semana em queda de mais de 10% nesta segunda-feira (16\/03), obrigando o acionamento do <em>circuit breaker<\/em>, interrompendo os neg\u00f3cios por 30 minutos ap\u00f3s o \u00cdndice Bovespa registrar tombo de 12,5%.<\/span><\/p>\n<p><span style=\"font-weight: 400\">Antes da abertura, o IBovespa futuro caia mais de 10%, indicando a paralisa\u00e7\u00e3o novamente nas transa\u00e7\u00f5es logo pela manh\u00e3. O travamento aconteceu \u00e0s 10h26.\u00a0<\/span><\/p>\n<p>O <em>circuit breaker<\/em> \u00e9 um mecanismo de defesa das bolsas para evitar quedas bruscas. Ap\u00f3s um tombo de 10%, ele \u00e9 acionado na B3 e as negocia\u00e7\u00f5es s\u00e3o interrompidas por 30 minutos. Na reabertura, se cair mais de 15% h\u00e1 uma nova paralisa\u00e7\u00e3o por um hora e, se a bolsa cair mais 20%, a interrup\u00e7\u00e3o \u00e9 por tempo indeterminado.<\/p>\n<p>Na semana passada, o circuit breaker foi acionado quatro vezes. Na sexta-feira, apesar de encerrar com\u00a0<span style=\"font-weight: 400\">alta de 13,9%, a B3 acumulou perdas de R$ 798,8 bilh\u00f5es no m\u00eas de mar\u00e7o e de R$ 1,15 trilh\u00e3o desde a sexta-feira de carnaval.<\/span><\/p>\n<p>Enquanto a bolsa cai, o d\u00f3lar sobe. A divisa norte-americana abriu em alta, cotado acima de R$ 4,90, indicando que pode voltar a encostar em R$ 5 ao longo do dia.<\/p>\n<p>Em Nova York, o \u00cdndice Dow Jones caiu mais de 9% logo na abertura e o S&amp;P500 despencou mais de 7% e o <em>circuit breaker<\/em> tamb\u00e9m foi acionado na principal bolsa global.<\/p>\n<h2><strong>Pacote do BC<\/strong><\/h2>\n<p>O Banco Central anunciou, logo pela manh\u00e3, um pacote de medidas para injetar dinheiro na economia. Uma delas prev\u00ea a repactua\u00e7\u00e3o de empr\u00e9stimos de um total de R$ 3,2 trilh\u00f5es, \u00e0s v\u00e9speras da segunda reuni\u00e3o do ano do Comit\u00ea de Pol\u00edtica Monet\u00e1ria (Copom). A decis\u00e3o foi resultado de um Conselho Monet\u00e1rio Nacional (CMN) extraordin\u00e1rio realizado hoje.<\/p>\n<p>Contudo, as medidas podem ser tardias. A\u00a0<span style=\"font-weight: 400\">pandemia, que \u00e9 uma nova vers\u00e3o da SARS (S\u00edndrome respirat\u00f3ria aguda grave), mostra que dever\u00e1 ter efeitos muito mais graves do que uma simples gripe como as autoridades tentavam minimizar.\u00a0<\/span><\/p>\n<p><span style=\"font-weight: 400\"> O mundo est\u00e1 parando. A Alemanha, maior economia da Europa fechou as fronteiras. Espanha decretou estado de emerg\u00eancia no s\u00e1bado e as pessoas n\u00e3o podem sair de casa. Na It\u00e1lia, os n\u00fameros de casos e mortes s\u00e3o crescentes. O governo de Portugal anunciou que vai decidir estado de emerg\u00eancia na quarta-feira.<\/span><\/p>\n<p><strong>Corte de juros<\/strong><\/p>\n<p><span style=\"font-weight: 400\">Os mercados est\u00e3o reagindo com cautela ao corte de juros do Federal Reserve (Fed, o banco central dos Estados Unidos) para o intervalo de zero a 0,25% ao ano. Com isso, a maior economia do planeta passa a ter juro negativo e o operadores acham que isso n\u00e3o vai ser suficiente para evitar o que est\u00e1 por vir.<\/span><\/p>\n<p>A medida foi seguida pela Coreia do Sul, mas as bolsas asi\u00e1ticas fecharam no vermelho diante da quedas de 20,5% nas vendas no varejo da China, entre janeiro e fevereiro, e de 13,5% na produ\u00e7\u00e3o industrial chinesa, no mesmo per\u00edodo.<\/p>\n<p>&nbsp;<\/p>\n<p>&nbsp;<\/p>\n<p style=\"font-weight: 400\">\n","protected":false},"excerpt":{"rendered":"<p>ROSANA HESSEL &nbsp; O medo do novo coronav\u00edrus contaminou a Bolsa de Valores de S\u00e3o Paulo (B3), que abriu a semana em queda de mais de 10% nesta segunda-feira (16\/03), obrigando o acionamento do circuit breaker, interrompendo os neg\u00f3cios por 30 minutos ap\u00f3s o \u00cdndice Bovespa registrar tombo de 12,5%. Antes da abertura, o IBovespa [&hellip;]<\/p>\n","protected":false},"author":22,"featured_media":13319,"comment_status":"open","ping_status":"closed","sticky":false,"template":"","format":"standard","meta":{"wpb_read_more":[],"footnotes":""},"categories":[600],"tags":[2393,4474,4419,179,343],"class_list":["post-13312","post","type-post","status-publish","format-standard","has-post-thumbnail","hentry","category-economia","tag-bolsa","tag-circuit-breaker","tag-coronavirus","tag-crise","tag-dolar"],"_links":{"self":[{"href":"https:\/\/blogs2.correiobraziliense.com.br\/vicente\/wp-json\/wp\/v2\/posts\/13312","targetHints":{"allow":["GET"]}}],"collection":[{"href":"https:\/\/blogs2.correiobraziliense.com.br\/vicente\/wp-json\/wp\/v2\/posts"}],"about":[{"href":"https:\/\/blogs2.correiobraziliense.com.br\/vicente\/wp-json\/wp\/v2\/types\/post"}],"author":[{"embeddable":true,"href":"https:\/\/blogs2.correiobraziliense.com.br\/vicente\/wp-json\/wp\/v2\/users\/22"}],"replies":[{"embeddable":true,"href":"https:\/\/blogs2.correiobraziliense.com.br\/vicente\/wp-json\/wp\/v2\/comments?post=13312"}],"version-history":[{"count":6,"href":"https:\/\/blogs2.correiobraziliense.com.br\/vicente\/wp-json\/wp\/v2\/posts\/13312\/revisions"}],"predecessor-version":[{"id":13318,"href":"https:\/\/blogs2.correiobraziliense.com.br\/vicente\/wp-json\/wp\/v2\/posts\/13312\/revisions\/13318"}],"wp:featuredmedia":[{"embeddable":true,"href":"https:\/\/blogs2.correiobraziliense.com.br\/vicente\/wp-json\/wp\/v2\/media\/13319"}],"wp:attachment":[{"href":"https:\/\/blogs2.correiobraziliense.com.br\/vicente\/wp-json\/wp\/v2\/media?parent=13312"}],"wp:term":[{"taxonomy":"category","embeddable":true,"href":"https:\/\/blogs2.correiobraziliense.com.br\/vicente\/wp-json\/wp\/v2\/categories?post=13312"},{"taxonomy":"post_tag","embeddable":true,"href":"https:\/\/blogs2.correiobraziliense.com.br\/vicente\/wp-json\/wp\/v2\/tags?post=13312"}],"curies":[{"name":"wp","href":"https:\/\/api.w.org\/{rel}","templated":true}]}}