{"id":13323,"date":"2020-03-16T12:20:17","date_gmt":"2020-03-16T15:20:17","guid":{"rendered":"https:\/\/blogs2.correiobraziliense.com.br\/vicente\/?p=13323"},"modified":"2020-03-16T12:20:17","modified_gmt":"2020-03-16T15:20:17","slug":"bolsa-chega-a-cair-14-na-reabertura-do-pregao-mas-diminui-perda","status":"publish","type":"post","link":"https:\/\/blogs2.correiobraziliense.com.br\/vicente\/bolsa-chega-a-cair-14-na-reabertura-do-pregao-mas-diminui-perda\/","title":{"rendered":"Bolsa chega a cair 14% na reabertura do preg\u00e3o, mas diminui perda"},"content":{"rendered":"<h2>ROSANA HESSEL<\/h2>\n<h2><\/h2>\n<h2>A Bolsa de Valores de S\u00e3o Paulo (B3) reabriu o preg\u00e3o desta segunda-feira (16\/03) em queda ap\u00f3s a interrup\u00e7\u00e3o por 30 minutos, chegando a\u00a0 cair 14%, mas diminuiu as perdas no in\u00edcio da tarde.<\/h2>\n<h2><\/h2>\n<h2>O \u00cdndice Bovespa (IBovespa), principal indicador da B3, registrava queda de quase 10% por volta do meio dia, a 74.659 pontos. Contudo, o clima de incertezas continua nos mercados, que registram queda generalizada no mundo diante da amea\u00e7a de uma recess\u00e3o global.<\/h2>\n<p>&nbsp;<\/p>\n<p>As companhias \u00e1reas e do setor de turismo lideram as quedas no IBovespa. As a\u00e7\u00f5es ordin\u00e1rias da Smiles, programa de fideliza\u00e7\u00e3o da Gol, despencavam mais de 30% liderando as baixas da B3. As preferenciais da Azul, depois de ca\u00edrem perto de 30% por volta das 11h30, registravam queda de 20%, por volta das 12h. As a\u00e7\u00f5es PN da Gol recuavam 17% no mesmo hor\u00e1rio.<\/p>\n<p>&nbsp;<\/p>\n<p>Logo no in\u00edcio do preg\u00e3o, o\u00a0<em>circuit breaker<\/em>\u00a0foi acionado por volta das 10h25, quando a B3 registrava queda de 12,53%.\u00a0 Esse mecanismo \u00e9 uma forma de tentar controlar a volatilidade da bolsa. Se ela cair mais de 15%, ocorre uma paralisa\u00e7\u00e3o de uma hora. Mas, se a queda acabar superando 20%, a terceira interrup\u00e7\u00e3o \u00e9 por tempo indeterminado.<\/p>\n<p>&nbsp;<\/p>\n<p>O d\u00f3lar continuava subindo neste in\u00edcio de tarde. Depois de ultrapassar R$ 4,95 pela manh\u00e3, a divisa norte-americana deu uma recuada e estava cotada a R$ 2,925, com alta de 2,45.%<\/p>\n<p>&nbsp;<\/p>\n<p>Nos Estados Unidos, a Bolsa de Nova York tamb\u00e9m acionou o <em>circuit breaker<\/em> logo no in\u00edcio do preg\u00e3o, ap\u00f3s o S&amp;P 500 desabar mais de 7% em meio ao aumento das incertezas em rela\u00e7\u00e3o ao novo coronv\u00edrus. A paralisa\u00e7\u00e3o foi de 15 minutos. Os indicadores continuam no vermelho no momento. O \u00cdndice Dow Jones caia 9,88% e o Nasdaq recuava 9,30%.<\/p>\n<p>&nbsp;<\/p>\n<p><strong>Ajustes do mercado<\/strong><\/p>\n<p>&nbsp;<\/p>\n<p>Diante da piora nas expectativas em rela\u00e7\u00e3o aos\u00a0impactos da Covid-19, pandemia provocada pelo novo coronav\u00edrus, o\u00a0mercado ajustou as proje\u00e7\u00f5es de crescimento do Produto Interno Bruto (PIB) brasileiro nesta segunda-feira e espera redu\u00e7\u00e3o da taxa b\u00e1sica de juros (Selic) neste ano, atualmente em 4,25% ao ano, para 3,75%. Conforme os dados do Relat\u00f3rio Focus, divulgado o Banco Central, a mediana das proje\u00e7\u00f5es de crescimento do PIB neste ano passou de 1,99% para 1,68%. A mediana das estimativas para o \u00cdndice de Pre\u00e7os ao Consumidor Amplo (IPCA) de 2020 passou de 3,20% para 3,10%.<\/p>\n<p>&nbsp;<\/p>\n<p>A a\u00e7\u00e3o coordenada dos bancos centrais das principais economias como forma de conter impactos da Covid-19, pode n\u00e3o ser suficiente, segundo analistas.\u00a0 Em reuni\u00e3o extraordin\u00e1ria, o Federa Reserve (Fed, banco central dos Estados Unidos) reduziu sua taxa de juros em 0,75 ponto percentual, para o intervalo de zero a 0,25%.<\/p>\n<p>&nbsp;<\/p>\n<p>Hoje, mais cedo, o BC da Coreia do Sul levou seu juro b\u00e1sico para a m\u00ednima hist\u00f3rica, de 0,75% anuais. &#8220;De fato, a paralisa\u00e7\u00e3o tempor\u00e1ria das atividades em v\u00e1rios pa\u00edses por conta da dissemina\u00e7\u00e3o do coronav\u00edrus deve afetar o crescimento da economia global neste primeiro semestre, sendo esse esfor\u00e7o global, portanto, importante para a suaviza\u00e7\u00e3o dos impactos econ\u00f4micos da pandemia. No Brasil, por ora, esperamos a taxa Selic em 3,75% no final do ano, a depender da evolu\u00e7\u00e3o deste quadro e dos resultados dos indicadores correntes&#8221;, informou o Bradesco.<\/p>\n<p>&nbsp;<\/p>\n<p>&nbsp;<\/p>\n","protected":false},"excerpt":{"rendered":"<p>ROSANA HESSEL A Bolsa de Valores de S\u00e3o Paulo (B3) reabriu o preg\u00e3o desta segunda-feira (16\/03) em queda ap\u00f3s a interrup\u00e7\u00e3o por 30 minutos, chegando a\u00a0 cair 14%, mas diminuiu as perdas no in\u00edcio da tarde. O \u00cdndice Bovespa (IBovespa), principal indicador da B3, registrava queda de quase 10% por volta do meio dia, a [&hellip;]<\/p>\n","protected":false},"author":22,"featured_media":0,"comment_status":"open","ping_status":"closed","sticky":false,"template":"","format":"standard","meta":{"wpb_read_more":[],"footnotes":""},"categories":[600],"tags":[2393,2939,4493,343,589,279],"class_list":["post-13323","post","type-post","status-publish","format-standard","hentry","category-economia","tag-bolsa","tag-bovespa","tag-coronvirus","tag-dolar","tag-economia","tag-queda"],"_links":{"self":[{"href":"https:\/\/blogs2.correiobraziliense.com.br\/vicente\/wp-json\/wp\/v2\/posts\/13323","targetHints":{"allow":["GET"]}}],"collection":[{"href":"https:\/\/blogs2.correiobraziliense.com.br\/vicente\/wp-json\/wp\/v2\/posts"}],"about":[{"href":"https:\/\/blogs2.correiobraziliense.com.br\/vicente\/wp-json\/wp\/v2\/types\/post"}],"author":[{"embeddable":true,"href":"https:\/\/blogs2.correiobraziliense.com.br\/vicente\/wp-json\/wp\/v2\/users\/22"}],"replies":[{"embeddable":true,"href":"https:\/\/blogs2.correiobraziliense.com.br\/vicente\/wp-json\/wp\/v2\/comments?post=13323"}],"version-history":[{"count":6,"href":"https:\/\/blogs2.correiobraziliense.com.br\/vicente\/wp-json\/wp\/v2\/posts\/13323\/revisions"}],"predecessor-version":[{"id":13334,"href":"https:\/\/blogs2.correiobraziliense.com.br\/vicente\/wp-json\/wp\/v2\/posts\/13323\/revisions\/13334"}],"wp:attachment":[{"href":"https:\/\/blogs2.correiobraziliense.com.br\/vicente\/wp-json\/wp\/v2\/media?parent=13323"}],"wp:term":[{"taxonomy":"category","embeddable":true,"href":"https:\/\/blogs2.correiobraziliense.com.br\/vicente\/wp-json\/wp\/v2\/categories?post=13323"},{"taxonomy":"post_tag","embeddable":true,"href":"https:\/\/blogs2.correiobraziliense.com.br\/vicente\/wp-json\/wp\/v2\/tags?post=13323"}],"curies":[{"name":"wp","href":"https:\/\/api.w.org\/{rel}","templated":true}]}}