{"id":13336,"date":"2020-03-16T13:08:28","date_gmt":"2020-03-16T16:08:28","guid":{"rendered":"https:\/\/blogs2.correiobraziliense.com.br\/vicente\/?p=13336"},"modified":"2020-03-16T14:57:35","modified_gmt":"2020-03-16T17:57:35","slug":"hospitais-privados-pedem-reducao-de-impostos-e-credito-do-bndes-para-enfrentar-coronavirus","status":"publish","type":"post","link":"https:\/\/blogs2.correiobraziliense.com.br\/vicente\/hospitais-privados-pedem-reducao-de-impostos-e-credito-do-bndes-para-enfrentar-coronavirus\/","title":{"rendered":"Hospitais privados pedem redu\u00e7\u00e3o de impostos e cr\u00e9dito do BNDES para enfrentar coronav\u00edrus"},"content":{"rendered":"<h2>A\u00a0Confedera\u00e7\u00e3o Nacional de Sa\u00fade (CNSa\u00fade) protocolou, nesta segunda-feira (16\/03), of\u00edcio junto \u00e0 Presid\u00eancia da Rep\u00fablica com uma s\u00e9rie de pedidos na \u00e1rea econ\u00f4mica para que o setor possa enfrentar, com maior rapidez e efici\u00eancia, a pandemia do novo coronav\u00edrus. Entre as medidas est\u00e3o:<\/h2>\n<p>&nbsp;<\/p>\n<p>*\u200b Redu\u00e7\u00e3o tempor\u00e1ria a zero do imposto de importa\u00e7\u00e3o para insumos e equipamentos associados ao diagn\u00f3stico e ao tratamento da doen\u00e7a;<\/p>\n<p>*\u200b Desembara\u00e7o alfandeg\u00e1rio temporariamente facilitado para insumos e equipamentos associados ao diagn\u00f3stico e ao tratamento da doen\u00e7a;<\/p>\n<p>* Linha de financiamento sem juros via Banco Nacional de Desenvolvimento Econ\u00f4mico e Social (BNDES) para aquisi\u00e7\u00e3o imediata de insumos e equipamentos associados ao diagn\u00f3stico e tratamento da doen\u00e7a, em especial sistemas integrados de CTI\/UTI e acess\u00f3rios respirat\u00f3rios para aumento imediato da oferta desses leitos;<\/p>\n<p>*\u200b Combate a pre\u00e7os abusivos de insumos e equipamentos associados ao diagn\u00f3stico e tratamento da doen\u00e7a.<\/p>\n<p>&nbsp;<\/p>\n<p>Segundo o presidente da CNSa\u00fade,\u00a0Breno de Figueiredo Monteiro, a sa\u00fade privada est\u00e1 \u00e0\u00a0disposi\u00e7\u00e3o das autoridades sanit\u00e1rias e da popula\u00e7\u00e3o para realizar os esfor\u00e7os necess\u00e1rios ao combate do v\u00edrus. &#8220;Nosso setor presta servi\u00e7os a quase 50 milh\u00f5es de brasileiros que possuem planos de sa\u00fade e \u00e0 uma parcela dos pacientes SUS, principalmente no interior do pa\u00eds&#8221;, ressalta, em nota.<\/p>\n<p>&nbsp;<\/p>\n<p><strong>Requisi\u00e7\u00e3o de equipamentos<\/strong><\/p>\n<p>&nbsp;<\/p>\n<p>Monteiro afirma ainda que os hospitais privados t\u00eam &#8220;atendido todos os casos de Covid-19 com a maior agilidade poss\u00edvel, sempre em parceria com as autoridades sanit\u00e1rias&#8221;. Cita, como exemplo, o desenvolvimento pelo setor privado de diagn\u00f3stico de forma r\u00e1pida para o teste de detec\u00e7\u00e3o do novo Coronav\u00edrus.<\/p>\n<p>&nbsp;<\/p>\n<p>&#8220;Tamb\u00e9m estamos todos alinhados (hospitais privados, filantr\u00f3picos e p\u00fablicos) quanto aos procedimentos e protocolos necess\u00e1rios para identifica\u00e7\u00e3o e tratamento dos casos&#8221;, refor\u00e7a o presidente da entidade, que pede ainda ao governo\u00a0especial aten\u00e7\u00e3o ao planejamento e \u00e0 organiza\u00e7\u00e3o pr\u00e9vios no caso de requisi\u00e7\u00e3o de bens e servi\u00e7os privados para enfrentar a pandemia da Covid-19.<\/p>\n<p>&nbsp;<\/p>\n<p>O planejamento por parte do governo, segundo a CNSa\u00fade, \u00e9 importante para que o setor possa reunir e disponibilizar, de maneira racional e adequada, os recursos a serem demandados pelo poder p\u00fablico, reduzindo, assim as chances, de que a assist\u00eancia prestada sofra qualquer tipo de descontinuidade ou perda de qualidade.<\/p>\n<p>As demandas da CNSa\u00fade v\u00e3o al\u00e9m. Para a confedera\u00e7\u00e3o, \u00e9 importante que &#8220;sejam tomadas medidas urgentes no sentido de se controlar e\/ou restringir ainda mais a circula\u00e7\u00e3o de pessoas vindas do exterior e dentro do pa\u00eds e &#8220;que,\u00a0a exemplo de pa\u00edses que j\u00e1 sofrem efeitos dr\u00e1sticos da pandemia, sejam restringidas imediatamente as atividades econ\u00f4micas n\u00e3o essenciais pondo em pr\u00e1tica de maneira imediata e da forma mais r\u00edgida poss\u00edvel os instrumentos j\u00e1 possibilitados pela Lei Federal 13.979 de 202&#8221;<\/p>\n<p><em>Bras\u00edlia, 13h08min<\/em><\/p>\n","protected":false},"excerpt":{"rendered":"<p>A\u00a0Confedera\u00e7\u00e3o Nacional de Sa\u00fade (CNSa\u00fade) protocolou, nesta segunda-feira (16\/03), of\u00edcio junto \u00e0 Presid\u00eancia da Rep\u00fablica com uma s\u00e9rie de pedidos na \u00e1rea econ\u00f4mica para que o setor possa enfrentar, com maior rapidez e efici\u00eancia, a pandemia do novo coronav\u00edrus. Entre as medidas est\u00e3o: &nbsp; *\u200b Redu\u00e7\u00e3o tempor\u00e1ria a zero do imposto de importa\u00e7\u00e3o para insumos [&hellip;]<\/p>\n","protected":false},"author":22,"featured_media":10384,"comment_status":"open","ping_status":"closed","sticky":false,"template":"","format":"standard","meta":{"wpb_read_more":[],"footnotes":""},"categories":[600],"tags":[89,4419,4495,103,450,524,4114,4494,719],"class_list":["post-13336","post","type-post","status-publish","format-standard","has-post-thumbnail","hentry","category-economia","tag-bndes","tag-coronavirus","tag-covi-19","tag-credito","tag-hospitais","tag-impostos","tag-pedidos","tag-privados","tag-reducao"],"_links":{"self":[{"href":"https:\/\/blogs2.correiobraziliense.com.br\/vicente\/wp-json\/wp\/v2\/posts\/13336","targetHints":{"allow":["GET"]}}],"collection":[{"href":"https:\/\/blogs2.correiobraziliense.com.br\/vicente\/wp-json\/wp\/v2\/posts"}],"about":[{"href":"https:\/\/blogs2.correiobraziliense.com.br\/vicente\/wp-json\/wp\/v2\/types\/post"}],"author":[{"embeddable":true,"href":"https:\/\/blogs2.correiobraziliense.com.br\/vicente\/wp-json\/wp\/v2\/users\/22"}],"replies":[{"embeddable":true,"href":"https:\/\/blogs2.correiobraziliense.com.br\/vicente\/wp-json\/wp\/v2\/comments?post=13336"}],"version-history":[{"count":1,"href":"https:\/\/blogs2.correiobraziliense.com.br\/vicente\/wp-json\/wp\/v2\/posts\/13336\/revisions"}],"predecessor-version":[{"id":13337,"href":"https:\/\/blogs2.correiobraziliense.com.br\/vicente\/wp-json\/wp\/v2\/posts\/13336\/revisions\/13337"}],"wp:featuredmedia":[{"embeddable":true,"href":"https:\/\/blogs2.correiobraziliense.com.br\/vicente\/wp-json\/wp\/v2\/media\/10384"}],"wp:attachment":[{"href":"https:\/\/blogs2.correiobraziliense.com.br\/vicente\/wp-json\/wp\/v2\/media?parent=13336"}],"wp:term":[{"taxonomy":"category","embeddable":true,"href":"https:\/\/blogs2.correiobraziliense.com.br\/vicente\/wp-json\/wp\/v2\/categories?post=13336"},{"taxonomy":"post_tag","embeddable":true,"href":"https:\/\/blogs2.correiobraziliense.com.br\/vicente\/wp-json\/wp\/v2\/tags?post=13336"}],"curies":[{"name":"wp","href":"https:\/\/api.w.org\/{rel}","templated":true}]}}