{"id":1334,"date":"2016-06-08T01:50:14","date_gmt":"2016-06-08T04:50:14","guid":{"rendered":"https:\/\/blogs2.correiobraziliense.com.br\/vicente\/?p=1334"},"modified":"2016-06-08T07:51:14","modified_gmt":"2016-06-08T10:51:14","slug":"portas-fechadas","status":"publish","type":"post","link":"https:\/\/blogs2.correiobraziliense.com.br\/vicente\/portas-fechadas\/","title":{"rendered":"Portas fechadas"},"content":{"rendered":"<p>\u00bb A equipe econ\u00f4mica est\u00e1 apreensiva com o recrudescimento da crise pol\u00edtica. Teme-se que as portas sejam fechadas para a aprova\u00e7\u00e3o de medidas impopulares, vitais para a arruma\u00e7\u00e3o das contas p\u00fablicas.<\/p>\n","protected":false},"excerpt":{"rendered":"<p>\u00bb A equipe econ\u00f4mica est\u00e1 apreensiva com o recrudescimento da crise pol\u00edtica. Teme-se que as portas sejam fechadas para a aprova\u00e7\u00e3o de medidas impopulares, vitais para a arruma\u00e7\u00e3o das contas p\u00fablicas.<\/p>\n","protected":false},"author":22,"featured_media":0,"comment_status":"open","ping_status":"closed","sticky":false,"template":"","format":"standard","meta":{"wpb_read_more":[],"footnotes":""},"categories":[1],"tags":[],"class_list":["post-1334","post","type-post","status-publish","format-standard","hentry","category-sem-categoria"],"_links":{"self":[{"href":"https:\/\/blogs2.correiobraziliense.com.br\/vicente\/wp-json\/wp\/v2\/posts\/1334","targetHints":{"allow":["GET"]}}],"collection":[{"href":"https:\/\/blogs2.correiobraziliense.com.br\/vicente\/wp-json\/wp\/v2\/posts"}],"about":[{"href":"https:\/\/blogs2.correiobraziliense.com.br\/vicente\/wp-json\/wp\/v2\/types\/post"}],"author":[{"embeddable":true,"href":"https:\/\/blogs2.correiobraziliense.com.br\/vicente\/wp-json\/wp\/v2\/users\/22"}],"replies":[{"embeddable":true,"href":"https:\/\/blogs2.correiobraziliense.com.br\/vicente\/wp-json\/wp\/v2\/comments?post=1334"}],"version-history":[{"count":1,"href":"https:\/\/blogs2.correiobraziliense.com.br\/vicente\/wp-json\/wp\/v2\/posts\/1334\/revisions"}],"predecessor-version":[{"id":1335,"href":"https:\/\/blogs2.correiobraziliense.com.br\/vicente\/wp-json\/wp\/v2\/posts\/1334\/revisions\/1335"}],"wp:attachment":[{"href":"https:\/\/blogs2.correiobraziliense.com.br\/vicente\/wp-json\/wp\/v2\/media?parent=1334"}],"wp:term":[{"taxonomy":"category","embeddable":true,"href":"https:\/\/blogs2.correiobraziliense.com.br\/vicente\/wp-json\/wp\/v2\/categories?post=1334"},{"taxonomy":"post_tag","embeddable":true,"href":"https:\/\/blogs2.correiobraziliense.com.br\/vicente\/wp-json\/wp\/v2\/tags?post=1334"}],"curies":[{"name":"wp","href":"https:\/\/api.w.org\/{rel}","templated":true}]}}