{"id":1336,"date":"2016-06-08T10:30:25","date_gmt":"2016-06-08T13:30:25","guid":{"rendered":"https:\/\/blogs2.correiobraziliense.com.br\/vicente\/?p=1336"},"modified":"2016-06-08T22:40:25","modified_gmt":"2016-06-09T01:40:25","slug":"nada-a-comemorar","status":"publish","type":"post","link":"https:\/\/blogs2.correiobraziliense.com.br\/vicente\/nada-a-comemorar\/","title":{"rendered":"Nada a comemorar"},"content":{"rendered":"<p>No pr\u00f3ximo domingo, Michel Temer completar\u00e1 um m\u00eas de governo sem nada de palp\u00e1vel a ser entregue. Esperava-se que, com a mudan\u00e7a no comando do pa\u00eds, um \u00e2nimo novo tomasse conta dos agentes econ\u00f4micos, mas o que estamos vendo \u00e9 s\u00f3 decep\u00e7\u00e3o. Na pol\u00edtica, h\u00e1 o risco de a Rep\u00fablica implodir, com as principais lideran\u00e7as sendo tragadas pela Lava-Jato. Na economia, em que se esperava um pequeno al\u00edvio, os indicadores continuam muito ruins.<\/p>\n<p>&nbsp;<\/p>\n<p>A infla\u00e7\u00e3o, que o Banco Central de Alexandre Tombini dizia que estava em queda, voltou a subir, e forte. O \u00cdndice de Pre\u00e7os ao Consumidor Amplo (IPCA) atingiu 0,78%, a maior taxa para o m\u00eas desde 2008. Os especialistas garantem que, pelo segundo ano seguido, o custo de vida vai estourar o teto da meta, de 6,5%. Isso deixa o BC, que, nos pr\u00f3ximos dias, ser\u00e1 comandado por Ilan Goldfajn, de m\u00e3os atadas para reduzir a taxa b\u00e1sica de juros (Selic), de 14,25% ao ano. A incapacidade em dar um al\u00edvio no custo do dinheiro ser\u00e1 ratificada hoje pelo Comit\u00ea de Pol\u00edtica Monet\u00e1ria (Copom).<\/p>\n<p>&nbsp;<\/p>\n<p>O governo Temer imaginava que, com nomes fortes e respeitados no comando da economia, j\u00e1 se teria mudan\u00e7a no humor dos agentes produtivos e de investidores. De in\u00edcio, at\u00e9 se ensaiou uma melhora na confian\u00e7a. Mas a incapacidade do governo de levar adiante medidas importantes para ajustar as contas p\u00fablicas contaminou negativamente os \u00e2nimos. O projeto que prop\u00f5e limite para o aumento de gastos sequer foi encaminhado ao Congresso.<\/p>\n<p>&nbsp;<\/p>\n<p>O ministro da Fazenda, Henrique Meirelles, est\u00e1 tentando, at\u00e9 agora, animar a plateia no gog\u00f3. Mas \u00e9 pouco. A expectativa que a posse dele criou est\u00e1 lentamente se transformando em decep\u00e7\u00e3o. Muitos j\u00e1 falam na possibilidade de Meirelles se transformar em um novo Joaquim Levy, que chegou \u00e0 Fazenda como superministro, prometendo mundos e fundos, mas n\u00e3o entregou nada e acabou saindo pelas portas dos fundos. Pelo visto, tempos muitos dif\u00edceis ainda v\u00e3o nos atormentar por um longo per\u00edodo.<\/p>\n<p>&nbsp;<\/p>\n<p><em>Bras\u00edlia, 10h30min<\/em><\/p>\n","protected":false},"excerpt":{"rendered":"<p>No pr\u00f3ximo domingo, Michel Temer completar\u00e1 um m\u00eas de governo sem nada de palp\u00e1vel a ser entregue. Esperava-se que, com a mudan\u00e7a no comando do pa\u00eds, um \u00e2nimo novo tomasse conta dos agentes econ\u00f4micos, mas o que estamos vendo \u00e9 s\u00f3 decep\u00e7\u00e3o. Na pol\u00edtica, h\u00e1 o risco de a Rep\u00fablica implodir, com as principais lideran\u00e7as [&hellip;]<\/p>\n","protected":false},"author":22,"featured_media":0,"comment_status":"open","ping_status":"closed","sticky":false,"template":"","format":"standard","meta":{"wpb_read_more":[],"footnotes":""},"categories":[1],"tags":[],"class_list":["post-1336","post","type-post","status-publish","format-standard","hentry","category-sem-categoria"],"_links":{"self":[{"href":"https:\/\/blogs2.correiobraziliense.com.br\/vicente\/wp-json\/wp\/v2\/posts\/1336","targetHints":{"allow":["GET"]}}],"collection":[{"href":"https:\/\/blogs2.correiobraziliense.com.br\/vicente\/wp-json\/wp\/v2\/posts"}],"about":[{"href":"https:\/\/blogs2.correiobraziliense.com.br\/vicente\/wp-json\/wp\/v2\/types\/post"}],"author":[{"embeddable":true,"href":"https:\/\/blogs2.correiobraziliense.com.br\/vicente\/wp-json\/wp\/v2\/users\/22"}],"replies":[{"embeddable":true,"href":"https:\/\/blogs2.correiobraziliense.com.br\/vicente\/wp-json\/wp\/v2\/comments?post=1336"}],"version-history":[{"count":3,"href":"https:\/\/blogs2.correiobraziliense.com.br\/vicente\/wp-json\/wp\/v2\/posts\/1336\/revisions"}],"predecessor-version":[{"id":1356,"href":"https:\/\/blogs2.correiobraziliense.com.br\/vicente\/wp-json\/wp\/v2\/posts\/1336\/revisions\/1356"}],"wp:attachment":[{"href":"https:\/\/blogs2.correiobraziliense.com.br\/vicente\/wp-json\/wp\/v2\/media?parent=1336"}],"wp:term":[{"taxonomy":"category","embeddable":true,"href":"https:\/\/blogs2.correiobraziliense.com.br\/vicente\/wp-json\/wp\/v2\/categories?post=1336"},{"taxonomy":"post_tag","embeddable":true,"href":"https:\/\/blogs2.correiobraziliense.com.br\/vicente\/wp-json\/wp\/v2\/tags?post=1336"}],"curies":[{"name":"wp","href":"https:\/\/api.w.org\/{rel}","templated":true}]}}