{"id":13360,"date":"2020-03-17T16:58:25","date_gmt":"2020-03-17T19:58:25","guid":{"rendered":"https:\/\/blogs2.correiobraziliense.com.br\/vicente\/?p=13360"},"modified":"2020-03-17T17:38:20","modified_gmt":"2020-03-17T20:38:20","slug":"corretora-ve-inflacao-proxima-de-2-neste-ano-por-causa-do-coronavirus","status":"publish","type":"post","link":"https:\/\/blogs2.correiobraziliense.com.br\/vicente\/corretora-ve-inflacao-proxima-de-2-neste-ano-por-causa-do-coronavirus\/","title":{"rendered":"Corretora v\u00ea infla\u00e7\u00e3o pr\u00f3xima de 2% neste ano por causa do coronav\u00edrus"},"content":{"rendered":"<h2>O economista-chefe da Ativa Corretora, Carlos Thadeu Filho, reviu suas proje\u00e7\u00f5es para a infla\u00e7\u00e3o deste ano e est\u00e1 convencido de que, com o estrago provocado na economia pelo novo coronav\u00edrus, o \u00cdndice de Pre\u00e7os ao Consumidor Amplo (IPCA) deste ano ficar\u00e1 bem pr\u00f3ximo de 2%.<\/h2>\n<p>&nbsp;<\/p>\n<p>Pelos c\u00e1lculos de Thadeu, o IPCA dever\u00e1 encerrar 2020 em 2,3%, ou seja, abaixo do piso da meta perseguida pelo Banco Central. A meta deste ano \u00e9 de 4%, podendo oscilar 1,5 ponto percentual para cima (5,5%) e para baixo (2,5%).<\/p>\n<p>&nbsp;<\/p>\n<p>&#8220;O IPCA tem potencial para se aproximar de 2%, na medida em que o choque do v\u00edrus dure um tempo maior do que o esperado&#8221;, afirma o economista. Tudo vai depender do tamanho do tombo da economia. Segundo Thadeu, na melhor das hip\u00f3teses, o Produto Interno Bruto (PIB) ter\u00e1 varia\u00e7\u00e3o zero neste ano. Na pior, poder\u00e1 registrar queda de 0,5%.<\/p>\n<p>&nbsp;<\/p>\n<p><strong>Juros v\u00e3o desabar<\/strong><\/p>\n<p>&nbsp;<\/p>\n<p>Nesse quadro dram\u00e1tico, o economista-chefe da Ativa acredita que o Banco Central, que havia anunciado o fim dos cortes da taxa b\u00e1sica de juros (Selic), ser\u00e1 extremamente agressivo para tentar minimizar os estragos da Covid-19 na economia.<\/p>\n<p>&nbsp;<\/p>\n<p>A aposta dele \u00e9 de que o Banco Central promova tr\u00eas baixas na Selic, sendo duas de 0,75 ponto e uma de 0,25 ponto. Se confirmada essa trajet\u00f3ria, a taxa b\u00e1sica da economia encerrar\u00e1 o ano em 2,5%. Hoje, a Selic est\u00e1 em 4,25% anuais. O Comit\u00ea de Pol\u00edtica Monet\u00e1ria (Copom) est\u00e1 reunido nesta ter\u00e7a-feira (17\/03) e anunciar\u00e1 sua decis\u00e3o na quarta (18\/03).<\/p>\n<p>&nbsp;<\/p>\n<p>O pessimismo de Thadeu vem, sobretudo, do forte impacto do novo coronav\u00edrus no setor de servi\u00e7os, muito influenciado pelos pre\u00e7os de passagens a\u00e9reas, hot\u00e9is, turismo, cinema, refei\u00e7\u00e3o e servi\u00e7os pessoais. Ele projeta que, entre fevereiro e mar\u00e7o, as receitas do setor de turismo desabaram 74,4%.<\/p>\n<p>&nbsp;<\/p>\n<p>As estimativas de infla\u00e7\u00e3o da Ativa Corretora ainda levam em considera\u00e7\u00e3o\u00a0uma queda mais prolongada dos pre\u00e7os da gasolina, pois, com a paralisia da economia, a demanda vai cair muito. Al\u00e9m disso, as cota\u00e7\u00f5es do petr\u00f3leo est\u00e3o em baixa no exterior por causa da recess\u00e3o econ\u00f4mica que se aproxima.<\/p>\n<p>&nbsp;<\/p>\n<p>Para Thadeu, mesmo que a economia retome parte das for\u00e7as a partir do terceiro trimestre, a infla\u00e7\u00e3o deste ano ficar\u00e1, no m\u00e1ximo, em 2,60%. Em outros tempos, infla\u00e7\u00e3o neste n\u00edvel seria uma excelente not\u00edcia, principalmente pelo hist\u00f3rico do Brasil. Mas o IPCA t\u00e3o baixo \u00e9 reflexo de uma economia no fundo do po\u00e7o. N\u00e3o h\u00e1, portanto, nada a comemorar.<\/p>\n<p>&nbsp;<\/p>\n<p><em>Bras\u00edlia, 16h58min<\/em><\/p>\n","protected":false},"excerpt":{"rendered":"<p>O economista-chefe da Ativa Corretora, Carlos Thadeu Filho, reviu suas proje\u00e7\u00f5es para a infla\u00e7\u00e3o deste ano e est\u00e1 convencido de que, com o estrago provocado na economia pelo novo coronav\u00edrus, o \u00cdndice de Pre\u00e7os ao Consumidor Amplo (IPCA) deste ano ficar\u00e1 bem pr\u00f3ximo de 2%. &nbsp; Pelos c\u00e1lculos de Thadeu, o IPCA dever\u00e1 encerrar 2020 [&hellip;]<\/p>\n","protected":false},"author":22,"featured_media":11454,"comment_status":"open","ping_status":"closed","sticky":false,"template":"","format":"standard","meta":{"wpb_read_more":[],"footnotes":""},"categories":[600],"tags":[4500,608,4419,268,14,4,58,279,414,3599],"class_list":["post-13360","post","type-post","status-publish","format-standard","has-post-thumbnail","hentry","category-economia","tag-ativa-corretora","tag-carlos-thadeu-filho","tag-coronavirus","tag-gasolina","tag-inflacao","tag-juros","tag-pib","tag-queda","tag-servicos","tag-turismo"],"_links":{"self":[{"href":"https:\/\/blogs2.correiobraziliense.com.br\/vicente\/wp-json\/wp\/v2\/posts\/13360","targetHints":{"allow":["GET"]}}],"collection":[{"href":"https:\/\/blogs2.correiobraziliense.com.br\/vicente\/wp-json\/wp\/v2\/posts"}],"about":[{"href":"https:\/\/blogs2.correiobraziliense.com.br\/vicente\/wp-json\/wp\/v2\/types\/post"}],"author":[{"embeddable":true,"href":"https:\/\/blogs2.correiobraziliense.com.br\/vicente\/wp-json\/wp\/v2\/users\/22"}],"replies":[{"embeddable":true,"href":"https:\/\/blogs2.correiobraziliense.com.br\/vicente\/wp-json\/wp\/v2\/comments?post=13360"}],"version-history":[{"count":1,"href":"https:\/\/blogs2.correiobraziliense.com.br\/vicente\/wp-json\/wp\/v2\/posts\/13360\/revisions"}],"predecessor-version":[{"id":13362,"href":"https:\/\/blogs2.correiobraziliense.com.br\/vicente\/wp-json\/wp\/v2\/posts\/13360\/revisions\/13362"}],"wp:featuredmedia":[{"embeddable":true,"href":"https:\/\/blogs2.correiobraziliense.com.br\/vicente\/wp-json\/wp\/v2\/media\/11454"}],"wp:attachment":[{"href":"https:\/\/blogs2.correiobraziliense.com.br\/vicente\/wp-json\/wp\/v2\/media?parent=13360"}],"wp:term":[{"taxonomy":"category","embeddable":true,"href":"https:\/\/blogs2.correiobraziliense.com.br\/vicente\/wp-json\/wp\/v2\/categories?post=13360"},{"taxonomy":"post_tag","embeddable":true,"href":"https:\/\/blogs2.correiobraziliense.com.br\/vicente\/wp-json\/wp\/v2\/tags?post=13360"}],"curies":[{"name":"wp","href":"https:\/\/api.w.org\/{rel}","templated":true}]}}