{"id":1339,"date":"2016-06-08T12:01:44","date_gmt":"2016-06-08T15:01:44","guid":{"rendered":"https:\/\/blogs2.correiobraziliense.com.br\/vicente\/?p=1339"},"modified":"2016-06-08T12:37:30","modified_gmt":"2016-06-08T15:37:30","slug":"procuradores-e-juizes-vao-pressionar-por-reajuste-de-salario","status":"publish","type":"post","link":"https:\/\/blogs2.correiobraziliense.com.br\/vicente\/procuradores-e-juizes-vao-pressionar-por-reajuste-de-salario\/","title":{"rendered":"Procuradores e ju\u00edzes v\u00e3o pressionar por reajuste de sal\u00e1rio"},"content":{"rendered":"<p>Procuradores e ju\u00edzes federais devem fazer hoje uma manifesta\u00e7\u00e3o conjunta na qual v\u00e3o argumentar que o reajuste deles, aprovado pela C\u00e2mara dos Deputados, n\u00e3o provoca nenhum efeito cascata, como no caso dos ministros do Supremo Tribunal Federal (STF), que ter\u00e3o o aumento vetado pelo presidente interino, Michel Temer.<\/p>\n<p>&nbsp;<\/p>\n<p>Na avalia\u00e7\u00e3o de procuradores e magistrados, o reajuste \u00e9 importante para manter os \u00e2nimos das carreiras, mas esquecem de dizer que os sal\u00e1rios que ganham j\u00e1 s\u00e3o elevados quando comparados \u00e0 m\u00e9dia do servi\u00e7o p\u00fablico. Para refor\u00e7ar a press\u00e3o e manter os ganhos, eles j\u00e1 t\u00eam reuni\u00e3o marcada com senadores para amanh\u00e3.<\/p>\n<p>&nbsp;<\/p>\n<p>Procuradores e ju\u00edzes federais v\u00e3o se aproveitar do fato de tr\u00eas senadores estarem na mira da Lava-Jato para apresentar o pleito, que, para a equipe econ\u00f4mica, \u00e9 inaceit\u00e1vel.<\/p>\n<p>&nbsp;<\/p>\n<p><em>Bras\u00edlia, 12h01min<\/em><\/p>\n","protected":false},"excerpt":{"rendered":"<p>Procuradores e ju\u00edzes federais devem fazer hoje uma manifesta\u00e7\u00e3o conjunta na qual v\u00e3o argumentar que o reajuste deles, aprovado pela C\u00e2mara dos Deputados, n\u00e3o provoca nenhum efeito cascata, como no caso dos ministros do Supremo Tribunal Federal (STF), que ter\u00e3o o aumento vetado pelo presidente interino, Michel Temer. &nbsp; Na avalia\u00e7\u00e3o de procuradores e magistrados, [&hellip;]<\/p>\n","protected":false},"author":22,"featured_media":0,"comment_status":"open","ping_status":"closed","sticky":false,"template":"","format":"standard","meta":{"wpb_read_more":[],"footnotes":""},"categories":[1],"tags":[],"class_list":["post-1339","post","type-post","status-publish","format-standard","hentry","category-sem-categoria"],"_links":{"self":[{"href":"https:\/\/blogs2.correiobraziliense.com.br\/vicente\/wp-json\/wp\/v2\/posts\/1339","targetHints":{"allow":["GET"]}}],"collection":[{"href":"https:\/\/blogs2.correiobraziliense.com.br\/vicente\/wp-json\/wp\/v2\/posts"}],"about":[{"href":"https:\/\/blogs2.correiobraziliense.com.br\/vicente\/wp-json\/wp\/v2\/types\/post"}],"author":[{"embeddable":true,"href":"https:\/\/blogs2.correiobraziliense.com.br\/vicente\/wp-json\/wp\/v2\/users\/22"}],"replies":[{"embeddable":true,"href":"https:\/\/blogs2.correiobraziliense.com.br\/vicente\/wp-json\/wp\/v2\/comments?post=1339"}],"version-history":[{"count":2,"href":"https:\/\/blogs2.correiobraziliense.com.br\/vicente\/wp-json\/wp\/v2\/posts\/1339\/revisions"}],"predecessor-version":[{"id":1341,"href":"https:\/\/blogs2.correiobraziliense.com.br\/vicente\/wp-json\/wp\/v2\/posts\/1339\/revisions\/1341"}],"wp:attachment":[{"href":"https:\/\/blogs2.correiobraziliense.com.br\/vicente\/wp-json\/wp\/v2\/media?parent=1339"}],"wp:term":[{"taxonomy":"category","embeddable":true,"href":"https:\/\/blogs2.correiobraziliense.com.br\/vicente\/wp-json\/wp\/v2\/categories?post=1339"},{"taxonomy":"post_tag","embeddable":true,"href":"https:\/\/blogs2.correiobraziliense.com.br\/vicente\/wp-json\/wp\/v2\/tags?post=1339"}],"curies":[{"name":"wp","href":"https:\/\/api.w.org\/{rel}","templated":true}]}}