{"id":134,"date":"2015-07-15T11:45:00","date_gmt":"2015-07-15T14:45:00","guid":{"rendered":"https:\/\/blogs2.correiobraziliense.com.br\/vicente\/risco_do_oportunismo\/"},"modified":"2015-07-15T11:45:00","modified_gmt":"2015-07-15T14:45:00","slug":"risco_do_oportunismo","status":"publish","type":"post","link":"https:\/\/blogs2.correiobraziliense.com.br\/vicente\/risco_do_oportunismo\/","title":{"rendered":"RISCO DO OPORTUNISMO"},"content":{"rendered":"\n<p>T\u00e9cnicos da ag\u00eancia de classifica\u00e7\u00e3o de risco Moody\u2019s, que desembarcam hoje em Bras\u00edlia, v\u00e3o encontrar um governo dividido em rela\u00e7\u00e3o ao ajuste fiscal. Os minist\u00e9rios da Fazenda e do Planejamento j\u00e1 n\u00e3o se entendem mais sobre qual ser\u00e1 a meta de superavit prim\u00e1rio deste ano, explicitando a fragilidade da promessa feita pela presidente Dilma Rousseff, logo depois da reelei\u00e7\u00e3o no ano passado, de arrumar as finan\u00e7as do pa\u00eds. Antes mesmo de as diverg\u00eancias entre Joaquim Levy e Nelson Barbosa se tornarem p\u00fablicas, a equipe econ\u00f4mica j\u00e1 temia pela rebaixamento do pa\u00eds pela Moody\u2019s.&nbsp;N\u00e3o h\u00e1 d\u00favidas de que alcan\u00e7ar a meta de superavit prim\u00e1rio (economia para pagamento de juros da d\u00edvida) de 1,1% do Produto Interno Bruto (PIB) neste ano ser\u00e1 muito dif\u00edcil. Mas n\u00e3o d\u00e1 para compreender por que, passados apenas seis meses do segundo mandato, o governo j\u00e1 demonstra a sua incapacidade de fazer o ajuste fiscal. Promover mudan\u00e7as num ponto crucial do processo de reconquista da confian\u00e7a s\u00f3 aumenta o risco de o Brasil perder o selo de bom pagador, agravando a crise econ\u00f4mica que resultar\u00e1 na maior recess\u00e3o em pelo menos 25 anos.&nbsp;Desde o in\u00edcio, a meta de superavit anunciada por Levy esteve envolta em desconfian\u00e7a, n\u00e3o apenas pelo tamanho, uma vez que o pa\u00eds vem de um deficit de 0,6% do PIB em 2014, mas pela marca de gastadora que Dilma imprimiu \u00e0 sua administra\u00e7\u00e3o. T\u00e9cnicos graduados do governo e analistas do mercado puseram em d\u00favida o real compromisso da presidente com o ajuste. Contudo, pagaram para ver.&nbsp;Com o passar dos meses, por\u00e9m, o governo passou a emitir sinais d\u00fabios sobre o arrocho. Uma hora, refor\u00e7ava o compromisso de entregar a meta de 1,1% do PIB. Outra, indicava que poderia reduzir o objetivo. Essa dubiedade acabou por favorecer a aprova\u00e7\u00e3o, pelo Congresso, de projetos que ampliam os gastos, como o reajuste do Judici\u00e1rio e a vincula\u00e7\u00e3o de aposentadorias \u00e0 corre\u00e7\u00e3o do sal\u00e1rio m\u00ednimo.&nbsp;Agora, surge a proposta do Planejamento de criar bandas de flutua\u00e7\u00e3o para o superavit prim\u00e1rio, de acordo com os ciclos econ\u00f4micos do pa\u00eds. Em per\u00edodos em que a economia estiver crescendo mais, o governo far\u00e1 uma poupan\u00e7a maior. Nas fases de dificuldades, o saldo poupado diminuir\u00e1. A ideia \u00e9 aceit\u00e1vel, mas n\u00e3o num momento em que o Brasil precisa tanto reconstruir a credibilidade. A proposta deveria ser lan\u00e7ada em tempos de forte expans\u00e3o econ\u00f4mica, n\u00e3o quando se torna conveniente para justificar um fracasso.&nbsp;Quadro de horror&nbsp;O governo sabe que ter\u00e1 de dar muitas explica\u00e7\u00f5es \u00e0 equipe da Moody\u2019s. Levy, para tentar atenuar o clima, movimentou-se o quanto pode nos \u00faltimos dias para refor\u00e7ar a vis\u00e3o de que o compromisso com a meta est\u00e1 mantido. O problema \u00e9 que o ministro da Fazenda est\u00e1 cada vez mais isolado dentro do governo. A ala petista que transita no entorno da presidente Dilma \u2014 e dela faz parte Nelson Barbosa \u2014 est\u00e1 se aproveitando disso para dar um novo rumo \u00e0 pol\u00edtica fiscal.&nbsp;Pela classifica\u00e7\u00e3o da Moody\u2019s, o Brasil est\u00e1 dois degraus acima do grupo de pa\u00edses n\u00e3o recomend\u00e1veis para investimentos. Se for rebaixado agora, ainda estar\u00e1 apto a receber recursos que o governo conta para deslanchar o programa de infraestrutura. Ningu\u00e9m, no entanto, acredita que o pa\u00eds conseguir\u00e1 atrair grandes volumes de capitais estando com a imagem t\u00e3o arranhada.&nbsp;Os investidores n\u00e3o brincam em servi\u00e7o. Mesmo que o governo cumpra, integralmente, o superavit de 1,1% do PIB neste ano, a d\u00edvida p\u00fablica, que est\u00e1 em 62,5% do PIB, continuar\u00e1 subindo. Se houver a redu\u00e7\u00e3o da meta deste ano para algo pr\u00f3ximo de 0,5%, como prega o Planejamento, a situa\u00e7\u00e3o ficar\u00e1 ainda pior. E n\u00e3o ser\u00e1 diferente em 2016, com a diminui\u00e7\u00e3o do superavit de 2% para 1% do PIB.&nbsp;O quadro fiscal do Brasil \u00e9 assustador. Nem as maquiagens dos \u00faltimos anos conseguiram dar uma fei\u00e7\u00e3o melhor aos n\u00fameros. Portanto, n\u00e3o \u00e9 recomend\u00e1vel que o governo abra brechas para aventuras. Caso, no fim do ano, realmente o cumprimento da meta fiscal se torne imposs\u00edvel, que explique, com todas a letras, o que ocorreu. A verdade soar\u00e1 muito melhor do que ajustes oportunistas.&nbsp;&nbsp;Dealers suspeitos&nbsp;\u00bb O Sindicado Nacional dos Funcion\u00e1rios do Banco Central (Sinal) questiona o fato de seis dos 15 bancos investigados pelo Conselho Administrativo de Defesa Econ\u00f4mica (Cade), por manipula\u00e7\u00e3o no c\u00e2mbio, ainda continuarem operando em nome da autoridade monet\u00e1ria no mercado. Essas institui\u00e7\u00f5es s\u00e3o chamadas de dealers.&nbsp;Ptax pode ser irreal&nbsp;\u00bb Os seis bancos suspeitos que representam o BC s\u00e3o: JP Morgan, HSBC, Morgan Stanley, Bank of America Merrill Lynch, Credit Suisse e Citibank. Todos os dias, pela manh\u00e3, o BC consulta essas institui\u00e7\u00f5es sobre os pre\u00e7os do d\u00f3lar. A partir da\u00ed, o BC forma uma taxa m\u00e9dia, a Ptax, usada para contratos de importa\u00e7\u00e3o e exporta\u00e7\u00e3o.&nbsp;Resposta do BC&nbsp;\u00bb O BC informa, por meio de sua assessoria, que, no uso de suas compet\u00eancias legais, est\u00e1 mantendo interlocu\u00e7\u00e3o com o Minist\u00e9rio P\u00fablico e o Cade, visando \u00e0 atua\u00e7\u00e3o coordenada, sobre o processo de manipula\u00e7\u00e3o no c\u00e2mbio. Mas n\u00e3o se manifestar\u00e1 a respeito, por se tratar de assunto protegido por sigilo legal. <\/p>\n<p>Bras\u00edlia,11h45min   <\/p>\n","protected":false},"excerpt":{"rendered":"<p>T\u00e9cnicos da ag\u00eancia de classifica\u00e7\u00e3o de risco Moody\u2019s, que desembarcam hoje em Bras\u00edlia, v\u00e3o encontrar um governo dividido em rela\u00e7\u00e3o ao ajuste fiscal. Os minist\u00e9rios da Fazenda e do Planejamento j\u00e1 n\u00e3o se entendem mais sobre qual ser\u00e1 a meta de superavit prim\u00e1rio deste ano, explicitando a fragilidade da promessa feita pela presidente Dilma Rousseff, [&hellip;]<\/p>\n","protected":false},"author":22,"featured_media":0,"comment_status":"open","ping_status":"open","sticky":false,"template":"","format":"standard","meta":{"wpb_read_more":[],"footnotes":""},"categories":[1],"tags":[],"class_list":["post-134","post","type-post","status-publish","format-standard","hentry","category-sem-categoria"],"_links":{"self":[{"href":"https:\/\/blogs2.correiobraziliense.com.br\/vicente\/wp-json\/wp\/v2\/posts\/134","targetHints":{"allow":["GET"]}}],"collection":[{"href":"https:\/\/blogs2.correiobraziliense.com.br\/vicente\/wp-json\/wp\/v2\/posts"}],"about":[{"href":"https:\/\/blogs2.correiobraziliense.com.br\/vicente\/wp-json\/wp\/v2\/types\/post"}],"author":[{"embeddable":true,"href":"https:\/\/blogs2.correiobraziliense.com.br\/vicente\/wp-json\/wp\/v2\/users\/22"}],"replies":[{"embeddable":true,"href":"https:\/\/blogs2.correiobraziliense.com.br\/vicente\/wp-json\/wp\/v2\/comments?post=134"}],"version-history":[{"count":0,"href":"https:\/\/blogs2.correiobraziliense.com.br\/vicente\/wp-json\/wp\/v2\/posts\/134\/revisions"}],"wp:attachment":[{"href":"https:\/\/blogs2.correiobraziliense.com.br\/vicente\/wp-json\/wp\/v2\/media?parent=134"}],"wp:term":[{"taxonomy":"category","embeddable":true,"href":"https:\/\/blogs2.correiobraziliense.com.br\/vicente\/wp-json\/wp\/v2\/categories?post=134"},{"taxonomy":"post_tag","embeddable":true,"href":"https:\/\/blogs2.correiobraziliense.com.br\/vicente\/wp-json\/wp\/v2\/tags?post=134"}],"curies":[{"name":"wp","href":"https:\/\/api.w.org\/{rel}","templated":true}]}}