{"id":1343,"date":"2016-06-08T14:59:22","date_gmt":"2016-06-08T17:59:22","guid":{"rendered":"https:\/\/blogs2.correiobraziliense.com.br\/vicente\/?p=1343"},"modified":"2016-06-08T18:25:05","modified_gmt":"2016-06-08T21:25:05","slug":"investidores-querem-saber-como-ficara-abertura-de-capital-de-caixa-seguridade-em-caso-de-fusao-da-caixa-com-o-bb","status":"publish","type":"post","link":"https:\/\/blogs2.correiobraziliense.com.br\/vicente\/investidores-querem-saber-como-ficara-abertura-de-capital-de-caixa-seguridade-em-caso-de-fusao-da-caixa-com-o-bb\/","title":{"rendered":"Investidores querem saber como ficar\u00e1 abertura de capital da Caixa Seguridade em caso de fus\u00e3o da Caixa com o BB"},"content":{"rendered":"<p>N\u00e3o s\u00e3o apenas os funcion\u00e1rios da Caixa Econ\u00f4mica Federal e do Banco do Brasil que se perguntam sobre o destino dos bancos caso o governo realmente leve adiante a proposta de fus\u00e3o das duas institui\u00e7\u00f5es, que s\u00e3o controladas pelo Tesouro Nacional. H\u00e1 uma grande expectativa em torno do do futuro da Caixa Seguridade, empresa criada pelo governo para reunir todas as participa\u00e7\u00f5es da Caixa no mercado segurador. A meta do Tesouro era abrir o capital da empresa, ou seja, vender parte das a\u00e7\u00f5es ao mercado e usar o dinheiro arrecadado para cobrir uma parcela do rombo das contas p\u00fablicas. Essa opera\u00e7\u00e3o chegou a avan\u00e7ar muito quando Joaquim Levy era ministro da Fazenda.<\/p>\n<p>&nbsp;<\/p>\n<p>Com a crise pol\u00edtica, a forte recess\u00e3o da economia e a avers\u00e3o dos investidores ao risco Brasil, a proposta de abertura de capital, que poderia render entre R$ 4 bilh\u00f5es e R$ 6 bilh\u00f5es, acabou sendo abortada. A expectativa dos investidores era de que, com o novo governo, a opera\u00e7\u00e3o fosse retomada e o pedido para o lan\u00e7amento de a\u00e7\u00f5es novamente encaminhado \u00e0 Comiss\u00e3o de Valores Mobili\u00e1rios (CVM). Nada, por\u00e9m, aconteceu. E, agora, surgem os rumores sobre a fus\u00e3o da Caixa com o BB.<\/p>\n<p>&nbsp;<\/p>\n<p>Os investidores est\u00e3o preparados para a opera\u00e7\u00e3o. Mas se perguntam: se o BB vai absorver todos os neg\u00f3cios da Caixa, com exce\u00e7\u00e3o da \u00e1rea imobili\u00e1ria, como ficar\u00e1 a Caixa Seguridade? Ser\u00e1 extinta? N\u00e3o se pode esquecer que o BB tem v\u00e1rias empresas no ramo de seguros, cada uma com um parceiro privado diferente. A Caixa Seguridade re\u00fane, por exemplo, a participa\u00e7\u00e3o que o banco tem na Caixa Seguros, em sociedade com o grupo franc\u00eas CNP, e a sociedade na PAN Seguros, com o BTG Pactual. &#8220;A hist\u00f3ria da fus\u00e3o provocou um Deus nos acuda nos mercados financeiro e segurador&#8221;, diz um executivo com familiaridade sobre o tema.<\/p>\n<p>&nbsp;<\/p>\n<p>Oficialmente, a Caixa e o BB n\u00e3o cometam sobre o assunto.<\/p>\n<p>&nbsp;<\/p>\n<p><em>Bras\u00edlia, 14h59min<\/em><\/p>\n","protected":false},"excerpt":{"rendered":"<p>N\u00e3o s\u00e3o apenas os funcion\u00e1rios da Caixa Econ\u00f4mica Federal e do Banco do Brasil que se perguntam sobre o destino dos bancos caso o governo realmente leve adiante a proposta de fus\u00e3o das duas institui\u00e7\u00f5es, que s\u00e3o controladas pelo Tesouro Nacional. H\u00e1 uma grande expectativa em torno do do futuro da Caixa Seguridade, empresa criada [&hellip;]<\/p>\n","protected":false},"author":22,"featured_media":0,"comment_status":"open","ping_status":"closed","sticky":false,"template":"","format":"standard","meta":{"wpb_read_more":[],"footnotes":""},"categories":[1],"tags":[198,196,200,197,199],"class_list":["post-1343","post","type-post","status-publish","format-standard","hentry","category-sem-categoria","tag-caixa-seguridade","tag-caixa-banco-do-brasil","tag-cvm","tag-fusao","tag-investidores"],"_links":{"self":[{"href":"https:\/\/blogs2.correiobraziliense.com.br\/vicente\/wp-json\/wp\/v2\/posts\/1343","targetHints":{"allow":["GET"]}}],"collection":[{"href":"https:\/\/blogs2.correiobraziliense.com.br\/vicente\/wp-json\/wp\/v2\/posts"}],"about":[{"href":"https:\/\/blogs2.correiobraziliense.com.br\/vicente\/wp-json\/wp\/v2\/types\/post"}],"author":[{"embeddable":true,"href":"https:\/\/blogs2.correiobraziliense.com.br\/vicente\/wp-json\/wp\/v2\/users\/22"}],"replies":[{"embeddable":true,"href":"https:\/\/blogs2.correiobraziliense.com.br\/vicente\/wp-json\/wp\/v2\/comments?post=1343"}],"version-history":[{"count":2,"href":"https:\/\/blogs2.correiobraziliense.com.br\/vicente\/wp-json\/wp\/v2\/posts\/1343\/revisions"}],"predecessor-version":[{"id":1350,"href":"https:\/\/blogs2.correiobraziliense.com.br\/vicente\/wp-json\/wp\/v2\/posts\/1343\/revisions\/1350"}],"wp:attachment":[{"href":"https:\/\/blogs2.correiobraziliense.com.br\/vicente\/wp-json\/wp\/v2\/media?parent=1343"}],"wp:term":[{"taxonomy":"category","embeddable":true,"href":"https:\/\/blogs2.correiobraziliense.com.br\/vicente\/wp-json\/wp\/v2\/categories?post=1343"},{"taxonomy":"post_tag","embeddable":true,"href":"https:\/\/blogs2.correiobraziliense.com.br\/vicente\/wp-json\/wp\/v2\/tags?post=1343"}],"curies":[{"name":"wp","href":"https:\/\/api.w.org\/{rel}","templated":true}]}}