{"id":1346,"date":"2016-06-08T16:01:39","date_gmt":"2016-06-08T19:01:39","guid":{"rendered":"https:\/\/blogs2.correiobraziliense.com.br\/vicente\/?p=1346"},"modified":"2016-06-08T16:51:02","modified_gmt":"2016-06-08T19:51:02","slug":"cardapio-de-temer-para-empresarios-escondidinho-de-carne-seca","status":"publish","type":"post","link":"https:\/\/blogs2.correiobraziliense.com.br\/vicente\/cardapio-de-temer-para-empresarios-escondidinho-de-carne-seca\/","title":{"rendered":"Card\u00e1pio de Temer para empres\u00e1rios: escondidinho de carne seca"},"content":{"rendered":"<p>POR ROSANA HESSEL<\/p>\n<p>&nbsp;<\/p>\n<p>O presidente interino, Michel Temer, reuniu empres\u00e1rios hoje no Pal\u00e1cio do Planalto em busca de apoio, mas a maioria dos donos do dinheiro saiu do encontro um tanto desanimada com a falta de propostas efetivas do governo para tirar o pa\u00eds do atoleiro. Todos reconheceram que o presidente e o ministro da Fazenda, Henrique Meirelles, s\u00e3o articulados e mestres em usar palavras bonitas para conquistar quem lhes interessa. Contudo, escaldados diante de tudo o que viram na administra\u00e7\u00e3o de Dilma Rouseff, os empres\u00e1rios esperam muito mais que discurso. Cobram a\u00e7\u00f5es efetivas.<\/p>\n<p>&nbsp;<\/p>\n<p>Chamou a aten\u00e7\u00e3o do empresariado &#8212; cerca de 150 presentes &#8212; o almo\u00e7o austero servido por Temer. No card\u00e1pio: escondidinho de carne seca, vinho argentino Norton e tr\u00eas tipos de sobremesas (pudim de leite, frutas e bolo de chocolate). &#8220;Foi uma forma de sinalizar que o governo est\u00e1 seguindo \u00e0 risca a promessa de n\u00e3o ostentar&#8221;, diz um dos presentes nos comes e bebes. &#8220;O mais importante, por\u00e9m, n\u00e3o vimos: medidas concretas para tirar o Brasil da recess\u00e3o e da onda de desconfian\u00e7a&#8221;, acrescenta.<\/p>\n<p>&nbsp;<\/p>\n<p>Na avalia\u00e7\u00e3o dos presentes no encontro com Temer, enquanto a crise pol\u00edtica n\u00e3o se resolver, n\u00e3o h\u00e1 como a economia recuperar o f\u00f4lego. Para os empres\u00e1rios, \u00e9 imposs\u00edvel dizer hoje como ser\u00e1 o dia de amanh\u00e3 tamanhas s\u00e3o as surpresas di\u00e1rias em Bras\u00edlia tendo como protagonista\u00a0 Opera\u00e7\u00e3o Lava-Jato.<\/p>\n<p>&nbsp;<\/p>\n<p><em>Bras\u00edlia, 16h01min<\/em><\/p>\n","protected":false},"excerpt":{"rendered":"<p>POR ROSANA HESSEL &nbsp; O presidente interino, Michel Temer, reuniu empres\u00e1rios hoje no Pal\u00e1cio do Planalto em busca de apoio, mas a maioria dos donos do dinheiro saiu do encontro um tanto desanimada com a falta de propostas efetivas do governo para tirar o pa\u00eds do atoleiro. Todos reconheceram que o presidente e o ministro [&hellip;]<\/p>\n","protected":false},"author":22,"featured_media":0,"comment_status":"open","ping_status":"closed","sticky":false,"template":"","format":"standard","meta":{"wpb_read_more":[],"footnotes":""},"categories":[1],"tags":[],"class_list":["post-1346","post","type-post","status-publish","format-standard","hentry","category-sem-categoria"],"_links":{"self":[{"href":"https:\/\/blogs2.correiobraziliense.com.br\/vicente\/wp-json\/wp\/v2\/posts\/1346","targetHints":{"allow":["GET"]}}],"collection":[{"href":"https:\/\/blogs2.correiobraziliense.com.br\/vicente\/wp-json\/wp\/v2\/posts"}],"about":[{"href":"https:\/\/blogs2.correiobraziliense.com.br\/vicente\/wp-json\/wp\/v2\/types\/post"}],"author":[{"embeddable":true,"href":"https:\/\/blogs2.correiobraziliense.com.br\/vicente\/wp-json\/wp\/v2\/users\/22"}],"replies":[{"embeddable":true,"href":"https:\/\/blogs2.correiobraziliense.com.br\/vicente\/wp-json\/wp\/v2\/comments?post=1346"}],"version-history":[{"count":1,"href":"https:\/\/blogs2.correiobraziliense.com.br\/vicente\/wp-json\/wp\/v2\/posts\/1346\/revisions"}],"predecessor-version":[{"id":1347,"href":"https:\/\/blogs2.correiobraziliense.com.br\/vicente\/wp-json\/wp\/v2\/posts\/1346\/revisions\/1347"}],"wp:attachment":[{"href":"https:\/\/blogs2.correiobraziliense.com.br\/vicente\/wp-json\/wp\/v2\/media?parent=1346"}],"wp:term":[{"taxonomy":"category","embeddable":true,"href":"https:\/\/blogs2.correiobraziliense.com.br\/vicente\/wp-json\/wp\/v2\/categories?post=1346"},{"taxonomy":"post_tag","embeddable":true,"href":"https:\/\/blogs2.correiobraziliense.com.br\/vicente\/wp-json\/wp\/v2\/tags?post=1346"}],"curies":[{"name":"wp","href":"https:\/\/api.w.org\/{rel}","templated":true}]}}