{"id":13472,"date":"2020-03-20T16:02:17","date_gmt":"2020-03-20T19:02:17","guid":{"rendered":"https:\/\/blogs2.correiobraziliense.com.br\/vicente\/?p=13472"},"modified":"2020-03-20T17:08:15","modified_gmt":"2020-03-20T20:08:15","slug":"ministros-se-irritam-por-ter-de-responder-por-comportamento-de-bolsonaro","status":"publish","type":"post","link":"https:\/\/blogs2.correiobraziliense.com.br\/vicente\/ministros-se-irritam-por-ter-de-responder-por-comportamento-de-bolsonaro\/","title":{"rendered":"Ministros se irritam por ter de responder por mau comportamento de Bolsonaro"},"content":{"rendered":"<p>LUIZ CALCAGNO<\/p>\n<p>As atitudes desdenhosas do presidente da Rep\u00fablica em rela\u00e7\u00e3o ao novo coronav\u00edrus causaram constrangimentos aos ministros. Os executivos, com frequ\u00eancia, s\u00e3o questionados pela imprensa sobre as contradi\u00e7\u00f5es entre as recomenda\u00e7\u00f5es t\u00e9cnicas de pastas como a da Sa\u00fade e Economia, por exemplo, e as iniciativas de Jair Bolsonaro, que, em isolamento, saiu do Planalto para cumprimentar manifestantes, tratou a crise como \u201chisteria\u201d, afirmou que se tratava de uma \u201cguerra de poder\u201d, e que daria uma \u201cfestinha\u201d para comemorar seu anivers\u00e1rio.\u00a0O desconforto pode ser medido, justamente, pelo grau de irrita\u00e7\u00e3o do primeiro escal\u00e3o ao ter que responder perguntas sobre a postura do chefe.<\/p>\n<p>Na noite da \u00faltima ter\u00e7a, por exemplo, em conversa com a imprensa ap\u00f3s uma reuni\u00e3o com os presidentes da C\u00e2mara, Rodrigo Maia (DEM-RJ), do Senado, Davi Alcolumbre (DEM-AP) e do Supremo Tribunal Federal (STF), Dias Toffoli, o ministro da Sa\u00fade, Luiz Henrique Mandetta, passou por uma saia justa. Questionado diversas vezes sobre a iniciativa de Bolsonaro em 15 de mar\u00e7o, ele se irritou e voltou a carga contra os mensageiros.<\/p>\n<p>Para n\u00e3o falar do chefe, o ministro decidiu criticar os jornalistas por estarem na coletiva de imprensa, trabalhando. &#8220;Voc\u00eas da imprensa, quando se aglutinam todos aqui, um do lado do outro, falando ele no seu ouvido, quando voc\u00ea est\u00e1 a\u00ed na frente, voc\u00eas est\u00e3o muito longe de ter um comportamento que a gente possa falar: esse \u00e9 o comportamento que a gente quer&#8221;, afirmou.<\/p>\n<p>O ministro da Justi\u00e7a e Seguran\u00e7a P\u00fablica, S\u00e9rgio Moro, tamb\u00e9m se irritou com perguntas relacionadas \u00e0 postura de Bolsonaro e rela\u00e7\u00e3o ao Coronav\u00edrus. Melhor que Mandetta, que atacou os jornalistas, Moro se recusou a responder \u00e0s quest\u00f5es feitas por rep\u00f3rteres da Folha de S\u00e3o paulo em uma entrevista exclusiva ao Jornal. O\u00a0ministro come\u00e7ou a se incomodar quando os profissionais perguntaram sobre as falas de Bolsonaro, de que a pandemia seria uma \u201cfantasia\u201d, uma \u201chisteria\u201d e se isso n\u00e3o foi uma sinaliza\u00e7\u00e3o ruim para a crise. \u201cSenhores, vamos olhar para a frente. Sobre essas quest\u00f5es, as medidas est\u00e3o sendo tomadas, inclusive pelo presidente Jair Bolsonaro, sob orienta\u00e7\u00e3o dele. Existe toda uma din\u00e2mica, as provid\u00eancias est\u00e3o sendo tomadas\u201d, afirmou o ministro.<\/p>\n<p>A equipe insistiu em perguntar que tipo de mensagem o presidente estaria passando para a popula\u00e7\u00e3o e se o ministro teria a mesma atitude de cumprimentar os apoiadores, mesmo em isolamento, em um momento em que o v\u00edrus j\u00e1 come\u00e7ava a se espalhar. Moro foi mais direto. \u201cOutra pergunta. Voc\u00eas insistem em ficar discutindo essas quest\u00f5es\u201d, disse. Os rep\u00f3rteres explicaram que as atitudes do presidente fazem parte da crise, mas o ministro n\u00e3o aceitou. \u201cFicam insistindo nessas quest\u00f5es, n\u00e9, n\u00f3s temos de olhar para a frente\u201d, insistiu.<\/p>\n<p>Os profissionais perguntaram se os panela\u00e7os n\u00e3o tem rela\u00e7\u00e3o com a crise. \u201cAs perguntas s\u00e3o sobre as medidas que n\u00f3s estamos tomando ou vamos tomar ou \u00e9 outro assunto?\u201d, questionou Moro. Os jornalistas insistiram na pergunta e o chefe da seguran\u00e7a p\u00fablica chegou a caminhar at\u00e9 a porta para deixar a entrevista antes do fim. \u201cVou encerrar a entrevista\u201d, falou. Os jornalistas disseram que voltariam a falar das medidas do Minist\u00e9rio da Justi\u00e7a e Seguran\u00e7a P\u00fablica. \u201cN\u00e3o, n\u00e3o d\u00e1\u201d, insistiu o executivo.<\/p>\n<p>Mesmo com a explica\u00e7\u00e3o de que se trata de uma quest\u00e3o pol\u00edtica intr\u00ednseca \u00e0 crise, Moro n\u00e3o cedeu. \u201cFoi combinado que eu ia falar sobre as medidas.\u201d \u201cVamos falar das medidas. O senhor fala que n\u00e3o comenta, mas a gente tem de perguntar. S\u00e3o coisas que est\u00e3o no contexto das medidas\u201d, explicou a equipe. \u201cO combinado \u00e9 o combinado. Falei que ia falar sobre as medidas. \u00c9 a quarta pergunta sobre o neg\u00f3cio do presidente. Eu n\u00e3o vou falar sobre isso agora. Mais uma pergunta sobre isso e eu encerro aqui\u201d, amea\u00e7ou o ministro, finalmente voltando para a mesa.<\/p>\n<p>Mesmo assim, para o desespero de quem o cerca, o presidente n\u00e3o para. Com a confirma\u00e7\u00e3o da contamina\u00e7\u00e3o do 22\u00ba membro da comitiva presidencial que foi aos Estados Unidos e em vias de fazer um terceiro teste de Coronav\u00edrus, o presidente insistiu que far\u00e1 a &#8220;festinha&#8221;.\u00a0&#8220;A festa \u00e9 amanh\u00e3. Eu, minha esposa e filhos. Talvez venha fam\u00edlia dela, que mora na Ceil\u00e2ndia. N\u00e3o vai ter mais de oito pessoas na festa.&#8221;<\/p>\n<p>&nbsp;<\/p>\n","protected":false},"excerpt":{"rendered":"<p>LUIZ CALCAGNO As atitudes desdenhosas do presidente da Rep\u00fablica em rela\u00e7\u00e3o ao novo coronav\u00edrus causaram constrangimentos aos ministros. Os executivos, com frequ\u00eancia, s\u00e3o questionados pela imprensa sobre as contradi\u00e7\u00f5es entre as recomenda\u00e7\u00f5es t\u00e9cnicas de pastas como a da Sa\u00fade e Economia, por exemplo, e as iniciativas de Jair Bolsonaro, que, em isolamento, saiu do Planalto [&hellip;]<\/p>\n","protected":false},"author":22,"featured_media":13479,"comment_status":"open","ping_status":"closed","sticky":false,"template":"","format":"standard","meta":{"wpb_read_more":[],"footnotes":""},"categories":[600],"tags":[],"class_list":["post-13472","post","type-post","status-publish","format-standard","has-post-thumbnail","hentry","category-economia"],"_links":{"self":[{"href":"https:\/\/blogs2.correiobraziliense.com.br\/vicente\/wp-json\/wp\/v2\/posts\/13472","targetHints":{"allow":["GET"]}}],"collection":[{"href":"https:\/\/blogs2.correiobraziliense.com.br\/vicente\/wp-json\/wp\/v2\/posts"}],"about":[{"href":"https:\/\/blogs2.correiobraziliense.com.br\/vicente\/wp-json\/wp\/v2\/types\/post"}],"author":[{"embeddable":true,"href":"https:\/\/blogs2.correiobraziliense.com.br\/vicente\/wp-json\/wp\/v2\/users\/22"}],"replies":[{"embeddable":true,"href":"https:\/\/blogs2.correiobraziliense.com.br\/vicente\/wp-json\/wp\/v2\/comments?post=13472"}],"version-history":[{"count":3,"href":"https:\/\/blogs2.correiobraziliense.com.br\/vicente\/wp-json\/wp\/v2\/posts\/13472\/revisions"}],"predecessor-version":[{"id":13480,"href":"https:\/\/blogs2.correiobraziliense.com.br\/vicente\/wp-json\/wp\/v2\/posts\/13472\/revisions\/13480"}],"wp:featuredmedia":[{"embeddable":true,"href":"https:\/\/blogs2.correiobraziliense.com.br\/vicente\/wp-json\/wp\/v2\/media\/13479"}],"wp:attachment":[{"href":"https:\/\/blogs2.correiobraziliense.com.br\/vicente\/wp-json\/wp\/v2\/media?parent=13472"}],"wp:term":[{"taxonomy":"category","embeddable":true,"href":"https:\/\/blogs2.correiobraziliense.com.br\/vicente\/wp-json\/wp\/v2\/categories?post=13472"},{"taxonomy":"post_tag","embeddable":true,"href":"https:\/\/blogs2.correiobraziliense.com.br\/vicente\/wp-json\/wp\/v2\/tags?post=13472"}],"curies":[{"name":"wp","href":"https:\/\/api.w.org\/{rel}","templated":true}]}}