{"id":135,"date":"2015-07-16T10:01:00","date_gmt":"2015-07-16T13:01:00","guid":{"rendered":"https:\/\/blogs2.correiobraziliense.com.br\/vicente\/2016_perdido\/"},"modified":"2015-07-16T10:01:00","modified_gmt":"2015-07-16T13:01:00","slug":"2016_perdido","status":"publish","type":"post","link":"https:\/\/blogs2.correiobraziliense.com.br\/vicente\/2016_perdido\/","title":{"rendered":"2016 PERDIDO"},"content":{"rendered":"\n<p>A forte deteriora\u00e7\u00e3o da atividade est\u00e1 levando a previs\u00f5es dram\u00e1ticas para a economia. N\u00e3o bastasse a contra\u00e7\u00e3o maior do Produto Interno Bruto (PIB) neste ano, bancos e consultorias come\u00e7am a consolidar a vis\u00e3o de que, tamb\u00e9m em 2016, o pa\u00eds registrar\u00e1 tombo. O clima entre empres\u00e1rios e investidores \u00e9 de des\u00e2nimo. N\u00e3o h\u00e1 perspectiva de recupera\u00e7\u00e3o t\u00e3o cedo, dadas a gravidade da recess\u00e3o e a fragilidade do governo, que corre o risco de acabar mais cedo do que o determinado pelas urnas. <\/p>\n<p>Maior banco privado do pa\u00eds, o Ita\u00fa Unibanco passou a prever retra\u00e7\u00e3o de 2,2% para o PIB neste ano e de 0,2% em 2016. O que se v\u00ea, na avalia\u00e7\u00e3o de analistas da institui\u00e7\u00e3o, \u00e9 um processo disseminado de redu\u00e7\u00e3o da atividade. \u00c9 dif\u00edcil encontrar hoje um setor da economia que esteja crescendo e n\u00e3o tenha feito demiss\u00f5es. O quadro \u00e9 t\u00e3o dram\u00e1tico que, pelos c\u00e1lculos de Ilan Goldfajn, economista-chefe do Ita\u00fa, j\u00e1 a partir do segundo trimestre do ano que vem, o Banco Central ser\u00e1 obrigado a cortar juros para reanimar a atividade. <\/p>\n<p>As proje\u00e7\u00f5es de Ilan s\u00e3o de que a taxa b\u00e1sica de juros (Selic) deve subir mais 0,5 ponto percentual no fim deste m\u00eas, para 14,25% ao ano, dentro do compromisso do BC de retomar o controle das expectativas. Ele n\u00e3o descarta, por\u00e9m, eleva\u00e7\u00e3o de apenas 0,25 ponto, com o Comit\u00ea de Pol\u00edtica Monet\u00e1ria (Copom) indicando o fim do arrocho. No entender dele, quando os juros come\u00e7arem a cair, \u00e9 poss\u00edvel que atinja at\u00e9 11,25% anuais. <\/p>\n<p>Para o economista do Ita\u00fa, a redu\u00e7\u00e3o dos juros em 2016 ser\u00e1 poss\u00edvel porque a infla\u00e7\u00e3o ceder\u00e1 com for\u00e7a, de 9,1% neste ano para 5,3% no exerc\u00edcio seguinte. Em 2017, cravar\u00e1 o centro da meta perseguida pelo BC, de 4,5%. Al\u00e9m de os pre\u00e7os livres, sobre os quais os juros t\u00eam forte impacto, apontarem aumentos menores, n\u00e3o haver\u00e1 a press\u00e3o dos pre\u00e7os administrados que se viu neste ano, com a energia el\u00e9trica subindo quase 50%. <\/p>\n<p>Salva\u00e7\u00e3o <\/p>\n<p>Na opini\u00e3o de Fl\u00e1vio Serrano, economista s\u00eanior do Besi Investimentos, o governo ser\u00e1 fator determinante para definir at\u00e9 onde ir\u00e1 a recess\u00e3o do pa\u00eds. Quanto mais fr\u00e1gil a presidente Dilma Rousseff se mostrar e quanto mais demorada for a aprova\u00e7\u00e3o da reforma tribut\u00e1ria proposta pelo ministro da Fazenda, Joaquim Levy, mais demorada ser\u00e1 a volta da confian\u00e7a necess\u00e1ria para a retomada dos investimentos. S\u00e3o eles que determinar\u00e3o o ritmo de crescimento da economia nos pr\u00f3ximos anos. <\/p>\n<p>A rea\u00e7\u00e3o do governo vale, inclusive, para o mercado de trabalho, que est\u00e1 perdendo for\u00e7a numa velocidade impressionante. De nada adiantar\u00e3o paliativos como o Programa de Prote\u00e7\u00e3o ao Emprego (PPE), se a destrui\u00e7\u00e3o da economia n\u00e3o for revertida o quanto antes. Demitir no Brasil custa caro. Por isso, as empresas adiaram o quanto puderam a onda de cortes. Mas com faturamento em queda e estoques elevados, as contas n\u00e3o fecham. O fechamento de vagas continuar\u00e1 acelerado, jogando o consumo das fam\u00edlias para o buraco. <\/p>\n<p>Serrano acredita que, na melhor das hip\u00f3teses, a economia voltar\u00e1 a dar sinais positivos em meados de 2016. Mas nada que seja motivo de comemora\u00e7\u00e3o. Com os ajustes que se v\u00ea no mercado de trabalho, os sal\u00e1rios est\u00e3o caindo, o que, futuramente, contribuir\u00e1 para uma produtividade maior das empresas. Tamb\u00e9m o d\u00f3lar mais caro tender\u00e1 a favorecer as exporta\u00e7\u00f5es. Tudo isso, por enquanto, \u00e9 mais desejo do que realidade. Contudo, num quadro t\u00e3o ruim, \u00e9 melhor se apegar \u00e0 esperan\u00e7a do que jogar de vez a toalha. O Brasil, felizmente, ainda tem salva\u00e7\u00e3o. <\/p>\n<p>Banco digital <\/p>\n<p>\u00bb O Banco Original, do grupo JBS, est\u00e1 pronto para se lan\u00e7ar como o primeiro banco totalmente digital do pa\u00eds, seguindo o modelo norte-americano de simple bank. A meta \u00e9 botar o bloco na rua at\u00e9 o fim do ano. <\/p>\n<p>Des\u00e2nimo geral <\/p>\n<p>\u00bb Dentro do governo, ningu\u00e9m acredita em avan\u00e7os na c\u00fapula do Mercosul, que come\u00e7a hoje. O bloco econ\u00f4mico est\u00e1 destro\u00e7ado, combinando infla\u00e7\u00e3o alta e recess\u00e3o em tr\u00eas pa\u00edses membros: Brasil, Argentina e Venezuela. <\/p>\n<p>Disputa aberta <\/p>\n<p>\u00bb Joaquim Levy, da Fazenda, e Nelson Barbosa, do Planejamento, v\u00eam tentando manter a boa conviv\u00eancia dentro do governo, apesar da disputa aberta entre os dois para ver quem fala mais grosso na \u00e1rea econ\u00f4mica. <\/p>\n<p>Press\u00e3o em subalternos <\/p>\n<p>\u00bb O Sindicato Nacional dos Funcion\u00e1rios do Banco Central (Sinal) reclama da interfer\u00eancia da diretoria da institui\u00e7\u00e3o nas negocia\u00e7\u00f5es salariais dos servidores com o governo. Os sindicalistas dizem que o comando do BC reuniu chefes de departamentos e cobrou deles que conven\u00e7am seus subalternos a aceitarem a proposta de reajuste de 21,3% at\u00e9 2019, proposta pelo Planejamento. <\/p>\n<p>Liberdade de express\u00e3o <\/p>\n<p>\u00bb Diante da queixa do Sinal, uma comiss\u00e3o escalada pelo BC para negociar com os funcion\u00e1rios afirmou, em nota, que em momento algum sugeriu a aprova\u00e7\u00e3o do reajuste apresentado pelo governo. \u201cA recomenda\u00e7\u00e3o foi no sentido de que os chefes de unidades dessem amplas condi\u00e7\u00f5es para que os servidores participassem livremente das assembleias.\u201d <\/p>\n<p>Bras\u00edlia, 10h01min   <\/p>\n","protected":false},"excerpt":{"rendered":"<p>A forte deteriora\u00e7\u00e3o da atividade est\u00e1 levando a previs\u00f5es dram\u00e1ticas para a economia. N\u00e3o bastasse a contra\u00e7\u00e3o maior do Produto Interno Bruto (PIB) neste ano, bancos e consultorias come\u00e7am a consolidar a vis\u00e3o de que, tamb\u00e9m em 2016, o pa\u00eds registrar\u00e1 tombo. O clima entre empres\u00e1rios e investidores \u00e9 de des\u00e2nimo. N\u00e3o h\u00e1 perspectiva de [&hellip;]<\/p>\n","protected":false},"author":22,"featured_media":0,"comment_status":"open","ping_status":"open","sticky":false,"template":"","format":"standard","meta":{"wpb_read_more":[],"footnotes":""},"categories":[1],"tags":[],"class_list":["post-135","post","type-post","status-publish","format-standard","hentry","category-sem-categoria"],"_links":{"self":[{"href":"https:\/\/blogs2.correiobraziliense.com.br\/vicente\/wp-json\/wp\/v2\/posts\/135","targetHints":{"allow":["GET"]}}],"collection":[{"href":"https:\/\/blogs2.correiobraziliense.com.br\/vicente\/wp-json\/wp\/v2\/posts"}],"about":[{"href":"https:\/\/blogs2.correiobraziliense.com.br\/vicente\/wp-json\/wp\/v2\/types\/post"}],"author":[{"embeddable":true,"href":"https:\/\/blogs2.correiobraziliense.com.br\/vicente\/wp-json\/wp\/v2\/users\/22"}],"replies":[{"embeddable":true,"href":"https:\/\/blogs2.correiobraziliense.com.br\/vicente\/wp-json\/wp\/v2\/comments?post=135"}],"version-history":[{"count":0,"href":"https:\/\/blogs2.correiobraziliense.com.br\/vicente\/wp-json\/wp\/v2\/posts\/135\/revisions"}],"wp:attachment":[{"href":"https:\/\/blogs2.correiobraziliense.com.br\/vicente\/wp-json\/wp\/v2\/media?parent=135"}],"wp:term":[{"taxonomy":"category","embeddable":true,"href":"https:\/\/blogs2.correiobraziliense.com.br\/vicente\/wp-json\/wp\/v2\/categories?post=135"},{"taxonomy":"post_tag","embeddable":true,"href":"https:\/\/blogs2.correiobraziliense.com.br\/vicente\/wp-json\/wp\/v2\/tags?post=135"}],"curies":[{"name":"wp","href":"https:\/\/api.w.org\/{rel}","templated":true}]}}