{"id":1351,"date":"2016-06-08T19:30:43","date_gmt":"2016-06-08T22:30:43","guid":{"rendered":"https:\/\/blogs2.correiobraziliense.com.br\/vicente\/?p=1351"},"modified":"2016-06-08T21:36:29","modified_gmt":"2016-06-09T00:36:29","slug":"em-vez-de-reajuste-formal-dos-salarios-ministros-do-supremo-receberao-gratificacao-da-diferenca-para-evitar-efeito-cascata","status":"publish","type":"post","link":"https:\/\/blogs2.correiobraziliense.com.br\/vicente\/em-vez-de-reajuste-formal-dos-salarios-ministros-do-supremo-receberao-gratificacao-da-diferenca-para-evitar-efeito-cascata\/","title":{"rendered":"Em vez de reajuste formal dos sal\u00e1rios, ministros do Supremo receber\u00e3o a diferen\u00e7a por meio de gratifica\u00e7\u00e3o para evitar efeito cascata"},"content":{"rendered":"<p>Os ministros do Supremo Tribunal Federal (STF) n\u00e3o ficar\u00e3o sem engordar a conta banc\u00e1ria diante da decis\u00e3o do presidente interino, Michel Temer, de vetar o aumento previsto para eles. Foi acertado entre o Pal\u00e1cio do Planalto e os representantes da mais alta Corte do pa\u00eds que a diferen\u00e7a que eles deixar\u00e3o de receber ser\u00e1 paga em forma de gratifica\u00e7\u00e3o.<\/p>\n<p>&nbsp;<\/p>\n<p>Essa foi a forma que o governo usou para evitar o efeito cascata. Se o sal\u00e1rio dos ministros aumentar, o teto do funcionalismo passar\u00e1 de R$ 33.763 para R$ 39.293 por m\u00eas. Com isso, milhares de servidores teriam reajuste,\u00a0 sobretudo nos estados, que j\u00e1 est\u00e3o quebrados.<\/p>\n<p>&nbsp;<\/p>\n<p>Pelo acerto entre o Planalto e o STF, intermediado pelos ministros da Fazenda, Henrique Meirelles, e do Planejamento, Dyogo de Oliveira, a diferen\u00e7a de R$ 5.530 ser\u00e1 paga como gratifica\u00e7\u00e3o no contracheque. A ideia \u00e9 n\u00e3o fazer alarde sobre isso, de forma a n\u00e3o criar como\u00e7\u00e3o entre os servidores que seriam beneficiados caso o teto aumentasse.<\/p>\n<p>&nbsp;<\/p>\n<p>A assessoria do Supremo nega a informa\u00e7\u00e3o. O Planalto confirma a negocia\u00e7\u00e3o para a gratifica\u00e7\u00e3o.<\/p>\n<p>&nbsp;<\/p>\n<p><em>Bras\u00edlia, 19h30min<\/em><\/p>\n","protected":false},"excerpt":{"rendered":"<p>Os ministros do Supremo Tribunal Federal (STF) n\u00e3o ficar\u00e3o sem engordar a conta banc\u00e1ria diante da decis\u00e3o do presidente interino, Michel Temer, de vetar o aumento previsto para eles. Foi acertado entre o Pal\u00e1cio do Planalto e os representantes da mais alta Corte do pa\u00eds que a diferen\u00e7a que eles deixar\u00e3o de receber ser\u00e1 paga [&hellip;]<\/p>\n","protected":false},"author":22,"featured_media":0,"comment_status":"open","ping_status":"closed","sticky":false,"template":"","format":"standard","meta":{"wpb_read_more":[],"footnotes":""},"categories":[1],"tags":[],"class_list":["post-1351","post","type-post","status-publish","format-standard","hentry","category-sem-categoria"],"_links":{"self":[{"href":"https:\/\/blogs2.correiobraziliense.com.br\/vicente\/wp-json\/wp\/v2\/posts\/1351","targetHints":{"allow":["GET"]}}],"collection":[{"href":"https:\/\/blogs2.correiobraziliense.com.br\/vicente\/wp-json\/wp\/v2\/posts"}],"about":[{"href":"https:\/\/blogs2.correiobraziliense.com.br\/vicente\/wp-json\/wp\/v2\/types\/post"}],"author":[{"embeddable":true,"href":"https:\/\/blogs2.correiobraziliense.com.br\/vicente\/wp-json\/wp\/v2\/users\/22"}],"replies":[{"embeddable":true,"href":"https:\/\/blogs2.correiobraziliense.com.br\/vicente\/wp-json\/wp\/v2\/comments?post=1351"}],"version-history":[{"count":3,"href":"https:\/\/blogs2.correiobraziliense.com.br\/vicente\/wp-json\/wp\/v2\/posts\/1351\/revisions"}],"predecessor-version":[{"id":1354,"href":"https:\/\/blogs2.correiobraziliense.com.br\/vicente\/wp-json\/wp\/v2\/posts\/1351\/revisions\/1354"}],"wp:attachment":[{"href":"https:\/\/blogs2.correiobraziliense.com.br\/vicente\/wp-json\/wp\/v2\/media?parent=1351"}],"wp:term":[{"taxonomy":"category","embeddable":true,"href":"https:\/\/blogs2.correiobraziliense.com.br\/vicente\/wp-json\/wp\/v2\/categories?post=1351"},{"taxonomy":"post_tag","embeddable":true,"href":"https:\/\/blogs2.correiobraziliense.com.br\/vicente\/wp-json\/wp\/v2\/tags?post=1351"}],"curies":[{"name":"wp","href":"https:\/\/api.w.org\/{rel}","templated":true}]}}