{"id":13532,"date":"2020-03-22T18:43:46","date_gmt":"2020-03-22T21:43:46","guid":{"rendered":"https:\/\/blogs2.correiobraziliense.com.br\/vicente\/?p=13532"},"modified":"2020-03-22T18:43:46","modified_gmt":"2020-03-22T21:43:46","slug":"embraer-decide-paralisar-operacoes-no-brasil-ate-31-de-marco","status":"publish","type":"post","link":"https:\/\/blogs2.correiobraziliense.com.br\/vicente\/embraer-decide-paralisar-operacoes-no-brasil-ate-31-de-marco\/","title":{"rendered":"Embraer decide paralisar opera\u00e7\u00f5es no Brasil at\u00e9 31 de mar\u00e7o"},"content":{"rendered":"<p>ROSANA HESSEL<\/p>\n<p>&nbsp;<\/p>\n<p>A Embraer decidiu, neste domingo (22\/03), paralisar as opera\u00e7\u00f5es no Brasil e colocar os funcion\u00e1rios de suas f\u00e1bricas em territ\u00f3rio nacional o afastamento tempor\u00e1rio remunerado at\u00e9 31 de mar\u00e7o, em virtude da pandemia de Covid-19, provocada pelo novo coronav\u00edrus.<\/p>\n<p>&nbsp;<\/p>\n<p>Desde a semana passada, quem podia trabalhar em home office, j\u00e1 n\u00e3o estava indo ao trabalho. Agora, essa decis\u00e3o vale para toda a produ\u00e7\u00e3o para evitar maiores cont\u00e1gios da doen\u00e7a. A determina\u00e7\u00e3o \u00e9 de uma licen\u00e7a remunerada aos funcion\u00e1rios at\u00e9 o fim do m\u00eas. A diretoria vai monitorar a situa\u00e7\u00e3o para decidir os pr\u00f3ximos passos.<\/p>\n<p>&nbsp;<\/p>\n<p>A fabricante de avi\u00f5es possui unidades em S\u00e3o Jos\u00e9 dos Campos, Taubat\u00e9, Sorocaba, Gavi\u00e3o Peixoto, Botucatu, Campinas, no estado de S\u00e3o Paulo, e em Belo Horizonte e em Florian\u00f3polis. Apenas em S\u00e3o Jos\u00e9 dos Campos, onde fica a sede, existem tr\u00eas f\u00e1bricas.<\/p>\n<p>&nbsp;<\/p>\n<p>A companhia emprega cerca de 16 mil trabalhadores no pa\u00eds.\u00a0\u00a0&#8220;Manteremos apenas poucas atividades essenciais em opera\u00e7\u00e3o.\u00a0Os funcion\u00e1rios que est\u00e3o em home office continuam trabalhando remotamente. A Embraer tamb\u00e9m est\u00e1 avaliando a situa\u00e7\u00e3o nos demais pa\u00edses em que opera e informar\u00e1 em breve a decis\u00e3o&#8221;, informou a companhia, em nota.<\/p>\n<p>&nbsp;<\/p>\n<p>Nos pr\u00f3ximos dias, a dire\u00e7\u00e3o da empresa vai analisar a situa\u00e7\u00e3o e, &#8220;junto com os governos e sindicatos locais, tomar a decis\u00e3o mais adequada para proteger os funcion\u00e1rios do cont\u00e1gio pelo coronav\u00edrus e, ao mesmo tempo, proteger o nosso neg\u00f3cio, de forma que todos sofram o menor impacto poss\u00edvel&#8221;.\u00a0 &#8220;A empresa informar\u00e1 a todos sobre as pr\u00f3ximas decis\u00f5es at\u00e9 o dia 30 de mar\u00e7o&#8221;, concluiu o comunicado.<\/p>\n","protected":false},"excerpt":{"rendered":"<p>ROSANA HESSEL &nbsp; A Embraer decidiu, neste domingo (22\/03), paralisar as opera\u00e7\u00f5es no Brasil e colocar os funcion\u00e1rios de suas f\u00e1bricas em territ\u00f3rio nacional o afastamento tempor\u00e1rio remunerado at\u00e9 31 de mar\u00e7o, em virtude da pandemia de Covid-19, provocada pelo novo coronav\u00edrus. &nbsp; Desde a semana passada, quem podia trabalhar em home office, j\u00e1 n\u00e3o [&hellip;]<\/p>\n","protected":false},"author":22,"featured_media":0,"comment_status":"open","ping_status":"closed","sticky":false,"template":"","format":"standard","meta":{"wpb_read_more":[],"footnotes":""},"categories":[600],"tags":[4419,3851,4525],"class_list":["post-13532","post","type-post","status-publish","format-standard","hentry","category-economia","tag-coronavirus","tag-embraer","tag-home-office"],"_links":{"self":[{"href":"https:\/\/blogs2.correiobraziliense.com.br\/vicente\/wp-json\/wp\/v2\/posts\/13532","targetHints":{"allow":["GET"]}}],"collection":[{"href":"https:\/\/blogs2.correiobraziliense.com.br\/vicente\/wp-json\/wp\/v2\/posts"}],"about":[{"href":"https:\/\/blogs2.correiobraziliense.com.br\/vicente\/wp-json\/wp\/v2\/types\/post"}],"author":[{"embeddable":true,"href":"https:\/\/blogs2.correiobraziliense.com.br\/vicente\/wp-json\/wp\/v2\/users\/22"}],"replies":[{"embeddable":true,"href":"https:\/\/blogs2.correiobraziliense.com.br\/vicente\/wp-json\/wp\/v2\/comments?post=13532"}],"version-history":[{"count":1,"href":"https:\/\/blogs2.correiobraziliense.com.br\/vicente\/wp-json\/wp\/v2\/posts\/13532\/revisions"}],"predecessor-version":[{"id":13533,"href":"https:\/\/blogs2.correiobraziliense.com.br\/vicente\/wp-json\/wp\/v2\/posts\/13532\/revisions\/13533"}],"wp:attachment":[{"href":"https:\/\/blogs2.correiobraziliense.com.br\/vicente\/wp-json\/wp\/v2\/media?parent=13532"}],"wp:term":[{"taxonomy":"category","embeddable":true,"href":"https:\/\/blogs2.correiobraziliense.com.br\/vicente\/wp-json\/wp\/v2\/categories?post=13532"},{"taxonomy":"post_tag","embeddable":true,"href":"https:\/\/blogs2.correiobraziliense.com.br\/vicente\/wp-json\/wp\/v2\/tags?post=13532"}],"curies":[{"name":"wp","href":"https:\/\/api.w.org\/{rel}","templated":true}]}}