{"id":13534,"date":"2020-03-22T22:01:11","date_gmt":"2020-03-23T01:01:11","guid":{"rendered":"https:\/\/blogs2.correiobraziliense.com.br\/vicente\/?p=13534"},"modified":"2020-03-22T22:48:01","modified_gmt":"2020-03-23T01:48:01","slug":"pib-dos-eua-pode-cair-ate-50-no-segundo-trimestre-e-desemprego-ir-a-30-preve-fed","status":"publish","type":"post","link":"https:\/\/blogs2.correiobraziliense.com.br\/vicente\/pib-dos-eua-pode-cair-ate-50-no-segundo-trimestre-e-desemprego-ir-a-30-preve-fed\/","title":{"rendered":"PIB dos EUA pode cair at\u00e9 50% no segundo trimestre e desemprego ir a 30%, prev\u00ea Fed"},"content":{"rendered":"<p>James Bullard, presidente do Federal Reserve (Fed) de Saint Louis, prev\u00ea um quadro dram\u00e1tico para os Estados Unidos por causa dos efeitos devastadores do novo coronav\u00edrus na economia. Pelos c\u00e1lculos dele, o Produto Interno Bruto (PIB) da maior economia do planeta poder\u00e1 registrar queda de at\u00e9 50% no segundo trimestre do ano, o que nunca se viu na hist\u00f3ria, com a taxa de desemprego saltando para 30% \u2014 hoje, a taxa est\u00e1 em 3%. As declara\u00e7\u00f5es foram feitas \u00e0 <em>Bloomberg<\/em>.<\/p>\n<p>&nbsp;<\/p>\n<p>As proje\u00e7\u00f5es de Bullard, que chefia uma das regionais do Banco Central dos EUA, s\u00e3o muito piores do que as divulgadas por v\u00e1rios bancos norte-americanos.\u00a0O JPMorgan Chase projeta recuo de 14% do PIB norte-americano entre abril e junho. O Bank of America e a Oxford Economics estimam queda de 12%. J\u00e1 o Goldman Sachs fala em tombo de 24%. Todos esses n\u00fameros levam em considera\u00e7\u00e3o a paralisa\u00e7\u00e3o quase que total da economia dos EUA no per\u00edodo para tentar conter a propaga\u00e7\u00e3o da Covid-19.<\/p>\n<p>&nbsp;<\/p>\n<p>Diante desse quadro, Bullard pediu, segundo a <em>Bloomberg<\/em>, uma poderosa resposta fiscal \u00e0 crise para compensar as perdas de receitas do setor produtivo de US$ 2,5 trilh\u00f5es no segundo trimestre. Para ele, somente essa a\u00e7\u00e3o ser\u00e1 capaz de garantir uma forte recupera\u00e7\u00e3o da economia dos EUA depois de passado o auge dos estragos provocados pelo novo coronav\u00edrus. Bullard diz ainda que o Fed est\u00e1 pronto para fazer o que for necess\u00e1rio a fim de garantir que os mercados funcionem durante um per\u00edodo de alta volatilidade.<\/p>\n<p>&nbsp;<\/p>\n<p><strong>Tudo est\u00e1 sobre a mesa<\/strong><\/p>\n<p>&nbsp;<\/p>\n<p>Segundo o presidente do Fed de Saint Louis, &#8220;tudo est\u00e1 em cima da mesa&#8221; no que diz respeito a programas adicionais de empr\u00e9stimos a bancos e empresas. \u201cH\u00e1 mais que podemos fazer, se necess\u00e1rio. Provavelmente, h\u00e1 muito mais (por fazer) nos pr\u00f3ximos meses, dependendo de onde o Congresso quiser ir&#8221;, frisa, na mesma entrevista, lembrando que o Legislativo e a Casa Branca precisam agir rapidamente em conjunto sobre um enorme programa de ajuda.<\/p>\n<p>&nbsp;<\/p>\n<p>Bullard destaca que o grande objetivo, no combate ao coronav\u00edrus, \u00e9 fazer &#8220;um desligamento parcial planejado e organizado da economia dos EUA no segundo trimestre. O objetivo geral, garante ele, &#8220;\u00e9 manter todos, fam\u00edlias e empresas, inteiros\u201d com o apoio do governo. &#8220;\u00c9 um choque enorme, e estamos tentando lidar com isso e mant\u00ea-lo sob controle&#8221;, emenda.<\/p>\n<p>&nbsp;<\/p>\n<p>Na semana passada, o Fed reiniciou os programas usados durante a crise financeira de 2008 para ajudar os mercados de t\u00edtulos e moedas. Isso, depois de reduzir as taxas de juros para quase zero e prometer aumentar sua participa\u00e7\u00e3o no Tesouro em pelo menos US$ 500 bilh\u00f5es e em t\u00edtulos hipotec\u00e1rios em pelo menos US$ 200 bilh\u00f5es.<\/p>\n<p>&nbsp;<\/p>\n<p><em>Bras\u00edlia, 22h01min<\/em><\/p>\n","protected":false},"excerpt":{"rendered":"<p>James Bullard, presidente do Federal Reserve (Fed) de Saint Louis, prev\u00ea um quadro dram\u00e1tico para os Estados Unidos por causa dos efeitos devastadores do novo coronav\u00edrus na economia. Pelos c\u00e1lculos dele, o Produto Interno Bruto (PIB) da maior economia do planeta poder\u00e1 registrar queda de at\u00e9 50% no segundo trimestre do ano, o que nunca [&hellip;]<\/p>\n","protected":false},"author":22,"featured_media":10314,"comment_status":"open","ping_status":"closed","sticky":false,"template":"","format":"standard","meta":{"wpb_read_more":[],"footnotes":""},"categories":[600],"tags":[4527,3270,4526,71,3637,1103,58,279,1068],"class_list":["post-13534","post","type-post","status-publish","format-standard","has-post-thumbnail","hentry","category-economia","tag-4527","tag-3270","tag-bullard","tag-desemprego","tag-eua","tag-fed","tag-pib","tag-queda","tag-segundo-trimestre"],"_links":{"self":[{"href":"https:\/\/blogs2.correiobraziliense.com.br\/vicente\/wp-json\/wp\/v2\/posts\/13534","targetHints":{"allow":["GET"]}}],"collection":[{"href":"https:\/\/blogs2.correiobraziliense.com.br\/vicente\/wp-json\/wp\/v2\/posts"}],"about":[{"href":"https:\/\/blogs2.correiobraziliense.com.br\/vicente\/wp-json\/wp\/v2\/types\/post"}],"author":[{"embeddable":true,"href":"https:\/\/blogs2.correiobraziliense.com.br\/vicente\/wp-json\/wp\/v2\/users\/22"}],"replies":[{"embeddable":true,"href":"https:\/\/blogs2.correiobraziliense.com.br\/vicente\/wp-json\/wp\/v2\/comments?post=13534"}],"version-history":[{"count":2,"href":"https:\/\/blogs2.correiobraziliense.com.br\/vicente\/wp-json\/wp\/v2\/posts\/13534\/revisions"}],"predecessor-version":[{"id":13536,"href":"https:\/\/blogs2.correiobraziliense.com.br\/vicente\/wp-json\/wp\/v2\/posts\/13534\/revisions\/13536"}],"wp:featuredmedia":[{"embeddable":true,"href":"https:\/\/blogs2.correiobraziliense.com.br\/vicente\/wp-json\/wp\/v2\/media\/10314"}],"wp:attachment":[{"href":"https:\/\/blogs2.correiobraziliense.com.br\/vicente\/wp-json\/wp\/v2\/media?parent=13534"}],"wp:term":[{"taxonomy":"category","embeddable":true,"href":"https:\/\/blogs2.correiobraziliense.com.br\/vicente\/wp-json\/wp\/v2\/categories?post=13534"},{"taxonomy":"post_tag","embeddable":true,"href":"https:\/\/blogs2.correiobraziliense.com.br\/vicente\/wp-json\/wp\/v2\/tags?post=13534"}],"curies":[{"name":"wp","href":"https:\/\/api.w.org\/{rel}","templated":true}]}}