{"id":13547,"date":"2020-03-23T10:32:35","date_gmt":"2020-03-23T13:32:35","guid":{"rendered":"https:\/\/blogs2.correiobraziliense.com.br\/vicente\/?p=13547"},"modified":"2020-03-23T10:32:35","modified_gmt":"2020-03-23T13:32:35","slug":"banco-central-detalha-pacote-de-r-1216-tri-contra-a-crise-do-coronavirus","status":"publish","type":"post","link":"https:\/\/blogs2.correiobraziliense.com.br\/vicente\/banco-central-detalha-pacote-de-r-1216-tri-contra-a-crise-do-coronavirus\/","title":{"rendered":"Banco Central detalha pacote de R$ 1,216 tri contra a crise do coronav\u00edrus"},"content":{"rendered":"<p><span style=\"font-weight: 400\">ROSANA HESSEL<\/span><\/p>\n<p><span style=\"font-weight: 400\">MARINA BARBOSA<\/span><\/p>\n<p>&nbsp;<\/p>\n<p><span style=\"font-weight: 400\">O presidente do Banco Central, Roberto Campos Neto, um pacote que ele chama de \u201co maior da hist\u00f3ria\u201d, totalizando R$ 1,216 trilh\u00e3o, aumentar a liquidez no mercado durante a pandemia da Covid-19, provocada pelo novo coronav\u00edrus. Esse montante equivalente a 16,7% do Produto Interno Bruto (PIB) e supera em quase dez vezes os R$ 117 bilh\u00f5es anunciados durante crise financeira global, ocorrida entre 2008 e 2009, e que representaram 3,5% do PIB.\u00a0<\/span><\/p>\n<p>&nbsp;<\/p>\n<p><span style=\"font-weight: 400\">\u201cO BC est\u00e1 absolutamente tranquilo em rela\u00e7\u00e3o ao que estamos atravessando\u201d, afirmou o ministro, nesta segunda-feira (23\/03), durante a apresenta\u00e7\u00e3o das medidas e refor\u00e7ou que o \u201carsenal \u00e9 grande\u201d, inclusive, para lidar com o desvaloriza\u00e7\u00e3o do c\u00e2mbio.<\/span><\/p>\n<p>&nbsp;<\/p>\n<p><span style=\"font-weight: 400\">O novo pacote inclui medidas j\u00e1 anunciadas neste ano, tr\u00eas a\u00e7\u00f5es divulgadas hoje e outras que est\u00e3o em elabora\u00e7\u00e3o. Ele inclui, por exemplo, a\u00e7\u00f5es de fevereiro,\u00a0 quando o BC fez a primeira redu\u00e7\u00e3o de compuls\u00f3rio para dep\u00f3sitos de longo prazo no ano, injetando R$ 135 bilh\u00f5es no mercado ao reduzir de 31% para 25% a al\u00edquota. Com a nova redu\u00e7\u00e3o para 17% de hoje, houve um adicional de libera\u00e7\u00e3o de recursos de R$ 68 bilh\u00f5es. Esse valor somado, de R$ 203 bilh\u00f5es, \u00e9 147% maior do que os R$ 82 bilh\u00f5es liberados em 2008.<\/span><\/p>\n<p>&nbsp;<\/p>\n<p><span style=\"font-weight: 400\">Al\u00e9m da redu\u00e7\u00e3o adicional do compuls\u00f3rio, o BC anunciou uma linha de cr\u00e9dito corporativo tempor\u00e1ria com lastro em deb\u00eantures para irrigar o mercado de cr\u00e9dito, no valor de R$ 91 bilh\u00f5es. A terceira medida apresentada hoje cria um novo Dep\u00f3sito a Prazo com Garantia Especial (DPGE), dando acesso aos fundos de investimento com valores maiores, no valor estimado de R$ 200 bilh\u00f5es. Em 2008, esse mecanismo foi utilizado, mas em valor menor, de R$ 10 bilh\u00f5es, segundo Campos Neto. O valor m\u00ednimo da DPGE \u00e9 de R$ 1 milh\u00e3o.<\/span><\/p>\n<p>&nbsp;<\/p>\n<p><span style=\"font-weight: 400\">De acordo com o ministro, outras fontes de liquidez est\u00e3o em estudo, como letras financeiras, que poderiam injetar outros R$ 670 bilh\u00f5es no mercado. \u201cE podemos fazer nova libera\u00e7\u00e3o do dep\u00f3sito compuls\u00f3rio\u201d, adiantou Campos Neto. Segundo ele, as a\u00e7\u00f5es t\u00eam como objetivo proteger, principalmente, as pequenas e m\u00e9dias empresas, que ser\u00e3o as que v\u00e3o sofrer mais. \u201cQueremos ter certeza que as medidas consigam atender essas empresas\u201d, afirmou.<\/span><\/p>\n<p>&nbsp;<\/p>\n<p><span style=\"font-weight: 400\">Na avalia\u00e7\u00e3o do ministro, n\u00e3o h\u00e1 garantia de que essa inje\u00e7\u00e3o de liquidez vai irrigar o mercado, mas o BC pretende monitorar as a\u00e7\u00f5es dos bancos para que isso aconte\u00e7a.\u00a0\u00a0<\/span><span style=\"font-weight: 400\">Campos Neto refor\u00e7ou que <\/span>as medidas de enfrentamento ao coronav\u00edrus que foram anunciadas nesta segunda-feira podem reduzir a taxa de juros que \u00e9 cobrada ao consumidor final, reduzindo o spread banc\u00e1rio, margem do sistema financeiro entre a taxa de custo e o que eles cobram do consumidor, incluindo despesas operacionais e a margem de lucro.\u00a0 &#8220;Estamos atuando onde achamos mais importante para baratear o cr\u00e9dito na ponta&#8221;, disse.<\/p>\n<p>&nbsp;<\/p>\n<p><span style=\"font-weight: 400\">Ao comparar com a crise 2008, ele destacou que a crise atual \u00e9 muito mais relacionada ao impacto do distanciamento das pessoas nas linhas de produ\u00e7\u00e3o e no setor de servi\u00e7os, que t\u00eam um grande peso no PIB, superior a 60%.\u00a0 Ele lembrou que, em 2008 e 2009, a crise foi de alavancagem dos bancos, e hoje, esse problema foi sanado, porque o endividamento do sistema financeiro.<\/span><\/p>\n<p>&nbsp;<\/p>\n<p><strong>Veja abaixo o quadro com o pacote deste ano e o comparativo com o de 2008:<\/strong><\/p>\n<p>&nbsp;<\/p>\n<p><a href=\"https:\/\/blogs2.correiobraziliense.com.br\/vicente\/wp-content\/uploads\/sites\/16\/2020\/03\/Quadro_BCB.jpg\"><img loading=\"lazy\" decoding=\"async\" class=\"alignnone size-large wp-image-13548\" src=\"https:\/\/blogs2.correiobraziliense.com.br\/vicente\/wp-content\/uploads\/sites\/16\/2020\/03\/Quadro_BCB-1024x573.jpg\" alt=\"\" width=\"1024\" height=\"573\" srcset=\"https:\/\/blogs2.correiobraziliense.com.br\/vicente\/wp-content\/uploads\/sites\/16\/2020\/03\/Quadro_BCB-1024x573.jpg 1024w, https:\/\/blogs2.correiobraziliense.com.br\/vicente\/wp-content\/uploads\/sites\/16\/2020\/03\/Quadro_BCB-300x168.jpg 300w, https:\/\/blogs2.correiobraziliense.com.br\/vicente\/wp-content\/uploads\/sites\/16\/2020\/03\/Quadro_BCB-768x430.jpg 768w, https:\/\/blogs2.correiobraziliense.com.br\/vicente\/wp-content\/uploads\/sites\/16\/2020\/03\/Quadro_BCB-350x196.jpg 350w, https:\/\/blogs2.correiobraziliense.com.br\/vicente\/wp-content\/uploads\/sites\/16\/2020\/03\/Quadro_BCB-1440x806.jpg 1440w, https:\/\/blogs2.correiobraziliense.com.br\/vicente\/wp-content\/uploads\/sites\/16\/2020\/03\/Quadro_BCB-550x308.jpg 550w, https:\/\/blogs2.correiobraziliense.com.br\/vicente\/wp-content\/uploads\/sites\/16\/2020\/03\/Quadro_BCB-230x129.jpg 230w\" sizes=\"auto, (max-width: 1024px) 100vw, 1024px\" \/><\/a><\/p>\n","protected":false},"excerpt":{"rendered":"<p>ROSANA HESSEL MARINA BARBOSA &nbsp; O presidente do Banco Central, Roberto Campos Neto, um pacote que ele chama de \u201co maior da hist\u00f3ria\u201d, totalizando R$ 1,216 trilh\u00e3o, aumentar a liquidez no mercado durante a pandemia da Covid-19, provocada pelo novo coronav\u00edrus. Esse montante equivalente a 16,7% do Produto Interno Bruto (PIB) e supera em quase [&hellip;]<\/p>\n","protected":false},"author":22,"featured_media":0,"comment_status":"open","ping_status":"closed","sticky":false,"template":"","format":"standard","meta":{"wpb_read_more":[],"footnotes":""},"categories":[600],"tags":[3,4419,4505,3714,4529],"class_list":["post-13547","post","type-post","status-publish","format-standard","hentry","category-economia","tag-banco-central","tag-coronavirus","tag-covid-19","tag-roberto-campos-neto","tag-spread"],"_links":{"self":[{"href":"https:\/\/blogs2.correiobraziliense.com.br\/vicente\/wp-json\/wp\/v2\/posts\/13547","targetHints":{"allow":["GET"]}}],"collection":[{"href":"https:\/\/blogs2.correiobraziliense.com.br\/vicente\/wp-json\/wp\/v2\/posts"}],"about":[{"href":"https:\/\/blogs2.correiobraziliense.com.br\/vicente\/wp-json\/wp\/v2\/types\/post"}],"author":[{"embeddable":true,"href":"https:\/\/blogs2.correiobraziliense.com.br\/vicente\/wp-json\/wp\/v2\/users\/22"}],"replies":[{"embeddable":true,"href":"https:\/\/blogs2.correiobraziliense.com.br\/vicente\/wp-json\/wp\/v2\/comments?post=13547"}],"version-history":[{"count":2,"href":"https:\/\/blogs2.correiobraziliense.com.br\/vicente\/wp-json\/wp\/v2\/posts\/13547\/revisions"}],"predecessor-version":[{"id":13550,"href":"https:\/\/blogs2.correiobraziliense.com.br\/vicente\/wp-json\/wp\/v2\/posts\/13547\/revisions\/13550"}],"wp:attachment":[{"href":"https:\/\/blogs2.correiobraziliense.com.br\/vicente\/wp-json\/wp\/v2\/media?parent=13547"}],"wp:term":[{"taxonomy":"category","embeddable":true,"href":"https:\/\/blogs2.correiobraziliense.com.br\/vicente\/wp-json\/wp\/v2\/categories?post=13547"},{"taxonomy":"post_tag","embeddable":true,"href":"https:\/\/blogs2.correiobraziliense.com.br\/vicente\/wp-json\/wp\/v2\/tags?post=13547"}],"curies":[{"name":"wp","href":"https:\/\/api.w.org\/{rel}","templated":true}]}}