{"id":13578,"date":"2020-03-23T23:04:08","date_gmt":"2020-03-24T02:04:08","guid":{"rendered":"https:\/\/blogs2.correiobraziliense.com.br\/vicente\/?p=13578"},"modified":"2020-03-23T23:57:08","modified_gmt":"2020-03-24T02:57:08","slug":"o-governo-nao-tem-um-plano-diz-monica-de-bolle","status":"publish","type":"post","link":"https:\/\/blogs2.correiobraziliense.com.br\/vicente\/o-governo-nao-tem-um-plano-diz-monica-de-bolle\/","title":{"rendered":"\u201cO governo n\u00e3o tem um plano\u201d, diz Monica de Bolle"},"content":{"rendered":"<p><span style=\"font-weight: 400\">ROSANA HESSEL<\/span><\/p>\n<p>&nbsp;<\/p>\n<p><span style=\"font-weight: 400\">A economista Monica De Bolle, pesquisadora s\u00eanior do Peterson Institute for International Economics (PIIE), de Washington, tem demonstrado preocupa\u00e7\u00e3o com a inabilidade do presidente Jair Bolsonaro e da equipe econ\u00f4mica para lidar com a pandemia de Covid-19, provocada pelo novo coronav\u00edrus. Para ela, o governo ainda n\u00e3o tem plano para conter a crise que est\u00e1 se formando e que vai fazer o pa\u00eds mergulhar em uma recess\u00e3o profunda. E a<\/span><span style=\"font-weight: 400\">\u00a0prova mais recente disso\u00a0<\/span>foi a trapalhada com a Medida Provis\u00f3ria (MP) n\u00ba 927, publicada na noite de domingo no <em>Di\u00e1rio Oficial da Uni\u00e3o (DOU),\u00a0<\/em> que provocou uma rea\u00e7\u00e3o em cadeia de cr\u00edticas dentro e fora das redes sociais.<\/p>\n<p>&nbsp;<\/p>\n<p><span style=\"font-weight: 400\">O presidente voltou atr\u00e1s e anunciou nas redes sociais a revoga\u00e7\u00e3o do artigo que suspendia os contratos trabalhistas por quatro meses, sem previs\u00e3o sal\u00e1rios, e anunciou que publicaria uma segunda MP. Mesmo assim, Monica defende a revoga\u00e7\u00e3o integral da MP 927, porque ela na contram\u00e3o do que as economias desenvolvidas est\u00e3o fazendo para lidar com a pandemia, reduzindo sal\u00e1rios de trabalhadores que precisar\u00e3o ficar confinados.\u00a0<\/span><\/p>\n<p>&nbsp;<\/p>\n<p><span style=\"font-weight: 400\">\u201cO governo n\u00e3o tem plano. Ficar editando MP em cima de MP n\u00e3o faz o menor sentido\u201d, afirmou ela, nesta segunda-feira, durante live no YouTube. H\u00e1 uma semana, Monica vem comentando diariamente sobre as mazelas da economia brasileira e n\u00e3o falta assunto e foi uma das primeiras a criticar a MP 927 e suas cr\u00edticas ecoaram fortemente nas redes sociais. Monica est\u00e1, inclusive, tornando-se refer\u00eancia no assunto, apesar de defender nos v\u00eddeos, para os jornalistas ouvirem menos economistas e mais especialistas em epidemiologia sobre o que precisa ser feito no combate ao coronav\u00edrus.\u00a0<\/span><\/p>\n<p>&nbsp;<\/p>\n<p><strong>SUS precisa de R$ 50 bi<\/strong><\/p>\n<p>&nbsp;<\/p>\n<p><span style=\"font-weight: 400\">Ao comentar sobre o pacote de R$ 88,2 bilh\u00f5es anunciados pelo presidente para os estados, a economista fez um elogio de que as medidas s\u00e3o na dire\u00e7\u00e3o correta. Contudo, fez outro alerta sobre os R$ 8 bilh\u00f5es destinados aos entes federativos destinarem ao Sistema \u00danico de Sa\u00fade (SUS). \u201c\u00c9 muito pouco\u201d, frisou. \u201cO governo est\u00e1 perdido e n\u00e3o sabe. O SUS vai precisar de, pelo menos, R$ 50 bilh\u00f5es, e as estimativas s\u00e3o conservadoras\u201d, afirmou.<\/span><\/p>\n<p>&nbsp;<\/p>\n<p><span style=\"font-weight: 400\">Na avalia\u00e7\u00e3o de Monica, o governo precisa montar um plano sobre duas bases. A primeira, retomar a ideia do programa de renda b\u00e1sica emergencial de, pelo menos R$ 500 durante 12 meses para os 36 milh\u00f5es de brasileiros que n\u00e3o s\u00e3o assistidos pelo Bolsa Fam\u00edlia. Ela lembrou que os pa\u00edses europeus e, inclusive, os Estados Unidos, est\u00e3o fazendo isso. E, a segunda base destacada por ela \u00e9 criar linhas de cr\u00e9dito para pequenas e m\u00e9dias empresas para evitar uma onda de quebradeira durante o fundo do po\u00e7o da recess\u00e3o que est\u00e1 se formando.\u00a0 Ela frisou que\u00a0<\/span><span style=\"font-weight: 400\">s\u00e3o necess\u00e1rias &#8220;medidas urgentes e imediatas&#8221;.\u00a0<\/span><\/p>\n<p>&nbsp;<\/p>\n<p><strong>Veja o v\u00eddeo:\u00a0<\/strong><a href=\"https:\/\/www.youtube.com\/watch?v=0KvEnuXgkpE\">https:\/\/www.youtube.com\/watch?v=0KvEnuXgkpE<\/a><\/p>\n","protected":false},"excerpt":{"rendered":"<p>ROSANA HESSEL &nbsp; A economista Monica De Bolle, pesquisadora s\u00eanior do Peterson Institute for International Economics (PIIE), de Washington, tem demonstrado preocupa\u00e7\u00e3o com a inabilidade do presidente Jair Bolsonaro e da equipe econ\u00f4mica para lidar com a pandemia de Covid-19, provocada pelo novo coronav\u00edrus. Para ela, o governo ainda n\u00e3o tem plano para conter a [&hellip;]<\/p>\n","protected":false},"author":22,"featured_media":5566,"comment_status":"open","ping_status":"closed","sticky":false,"template":"","format":"standard","meta":{"wpb_read_more":[],"footnotes":""},"categories":[600],"tags":[4419,467,2922,901,97],"class_list":["post-13578","post","type-post","status-publish","format-standard","has-post-thumbnail","hentry","category-economia","tag-coronavirus","tag-governo","tag-jair-bolsonaro","tag-monica-de-bolle","tag-pacote"],"_links":{"self":[{"href":"https:\/\/blogs2.correiobraziliense.com.br\/vicente\/wp-json\/wp\/v2\/posts\/13578","targetHints":{"allow":["GET"]}}],"collection":[{"href":"https:\/\/blogs2.correiobraziliense.com.br\/vicente\/wp-json\/wp\/v2\/posts"}],"about":[{"href":"https:\/\/blogs2.correiobraziliense.com.br\/vicente\/wp-json\/wp\/v2\/types\/post"}],"author":[{"embeddable":true,"href":"https:\/\/blogs2.correiobraziliense.com.br\/vicente\/wp-json\/wp\/v2\/users\/22"}],"replies":[{"embeddable":true,"href":"https:\/\/blogs2.correiobraziliense.com.br\/vicente\/wp-json\/wp\/v2\/comments?post=13578"}],"version-history":[{"count":3,"href":"https:\/\/blogs2.correiobraziliense.com.br\/vicente\/wp-json\/wp\/v2\/posts\/13578\/revisions"}],"predecessor-version":[{"id":13582,"href":"https:\/\/blogs2.correiobraziliense.com.br\/vicente\/wp-json\/wp\/v2\/posts\/13578\/revisions\/13582"}],"wp:featuredmedia":[{"embeddable":true,"href":"https:\/\/blogs2.correiobraziliense.com.br\/vicente\/wp-json\/wp\/v2\/media\/5566"}],"wp:attachment":[{"href":"https:\/\/blogs2.correiobraziliense.com.br\/vicente\/wp-json\/wp\/v2\/media?parent=13578"}],"wp:term":[{"taxonomy":"category","embeddable":true,"href":"https:\/\/blogs2.correiobraziliense.com.br\/vicente\/wp-json\/wp\/v2\/categories?post=13578"},{"taxonomy":"post_tag","embeddable":true,"href":"https:\/\/blogs2.correiobraziliense.com.br\/vicente\/wp-json\/wp\/v2\/tags?post=13578"}],"curies":[{"name":"wp","href":"https:\/\/api.w.org\/{rel}","templated":true}]}}