{"id":13584,"date":"2020-03-23T23:25:14","date_gmt":"2020-03-24T02:25:14","guid":{"rendered":"https:\/\/blogs2.correiobraziliense.com.br\/vicente\/?p=13584"},"modified":"2020-03-24T00:48:00","modified_gmt":"2020-03-24T03:48:00","slug":"motorista-de-bolsonaro-da-entrada-em-hospital-com-problemas-respiratorios","status":"publish","type":"post","link":"https:\/\/blogs2.correiobraziliense.com.br\/vicente\/motorista-de-bolsonaro-da-entrada-em-hospital-com-problemas-respiratorios\/","title":{"rendered":"Motorista de Bolsonaro d\u00e1 entrada em hospital com problemas respirat\u00f3rios"},"content":{"rendered":"<p>Um dos motoristas do presidente Jair Bolsonaro deu entrada em um hospital de Bras\u00edlia apresentando problemas respirat\u00f3rios, o que pode indicar contamina\u00e7\u00e3o pelo novo coronav\u00edrus.<\/p>\n<p>&nbsp;<\/p>\n<p>Segundo fontes do governo, o estado de sa\u00fade do motorista est\u00e1 sob controle. Ele apresenta alguma dificuldade para respirar, mas n\u00e3o tem febre. O motorista foi submetido ao teste da Covid-19 e aguarda o resultado.<\/p>\n<p>&nbsp;<\/p>\n<p>O caso foi informado \u00e0 Secret\u00e1ria de Sa\u00fade do Distrito Federal.<\/p>\n<p>&nbsp;<\/p>\n<p>Dias atr\u00e1s, outro motorista da Presid\u00eancia da Rep\u00fablica tamb\u00e9m foi submetido a um teste para ver se estava com o coronav\u00edrus. O primeiro exame deu positivo, mas a contraprova deu negativo.<\/p>\n<p>&nbsp;<\/p>\n<p><strong>Comitiva contaminada<\/strong><\/p>\n<p>&nbsp;<\/p>\n<p>O coronav\u00edrus se disseminou no entorno de Bolsonaro. Pelo menos 23 pessoas que participaram da comitiva do presidente da Rep\u00fablica aos Estados Unidos no in\u00edcio de mar\u00e7o j\u00e1 testaram positivo para a Covid-19.<\/p>\n<p>&nbsp;<\/p>\n<p>O caso mais recente foi o do presidente da Federa\u00e7\u00e3o das Ind\u00fastrias do Estado de Rond\u00f4nia (Fiero), Marcelo Thom\u00e9. Bolsonaro diz que j\u00e1 fez exames para detectar coronav\u00edrus, mas todos os resultados deram negativos.<\/p>\n<p>&nbsp;<\/p>\n<p><em>Bras\u00edlia, 23h25min<\/em><\/p>\n","protected":false},"excerpt":{"rendered":"<p>Um dos motoristas do presidente Jair Bolsonaro deu entrada em um hospital de Bras\u00edlia apresentando problemas respirat\u00f3rios, o que pode indicar contamina\u00e7\u00e3o pelo novo coronav\u00edrus. &nbsp; Segundo fontes do governo, o estado de sa\u00fade do motorista est\u00e1 sob controle. Ele apresenta alguma dificuldade para respirar, mas n\u00e3o tem febre. O motorista foi submetido ao teste [&hellip;]<\/p>\n","protected":false},"author":22,"featured_media":10126,"comment_status":"open","ping_status":"closed","sticky":false,"template":"","format":"standard","meta":{"wpb_read_more":[],"footnotes":""},"categories":[600],"tags":[2554,4501,4419,4505,323],"class_list":["post-13584","post","type-post","status-publish","format-standard","has-post-thumbnail","hentry","category-economia","tag-bolsonaro","tag-contaminacao","tag-coronavirus","tag-covid-19","tag-motorista"],"_links":{"self":[{"href":"https:\/\/blogs2.correiobraziliense.com.br\/vicente\/wp-json\/wp\/v2\/posts\/13584","targetHints":{"allow":["GET"]}}],"collection":[{"href":"https:\/\/blogs2.correiobraziliense.com.br\/vicente\/wp-json\/wp\/v2\/posts"}],"about":[{"href":"https:\/\/blogs2.correiobraziliense.com.br\/vicente\/wp-json\/wp\/v2\/types\/post"}],"author":[{"embeddable":true,"href":"https:\/\/blogs2.correiobraziliense.com.br\/vicente\/wp-json\/wp\/v2\/users\/22"}],"replies":[{"embeddable":true,"href":"https:\/\/blogs2.correiobraziliense.com.br\/vicente\/wp-json\/wp\/v2\/comments?post=13584"}],"version-history":[{"count":4,"href":"https:\/\/blogs2.correiobraziliense.com.br\/vicente\/wp-json\/wp\/v2\/posts\/13584\/revisions"}],"predecessor-version":[{"id":13590,"href":"https:\/\/blogs2.correiobraziliense.com.br\/vicente\/wp-json\/wp\/v2\/posts\/13584\/revisions\/13590"}],"wp:featuredmedia":[{"embeddable":true,"href":"https:\/\/blogs2.correiobraziliense.com.br\/vicente\/wp-json\/wp\/v2\/media\/10126"}],"wp:attachment":[{"href":"https:\/\/blogs2.correiobraziliense.com.br\/vicente\/wp-json\/wp\/v2\/media?parent=13584"}],"wp:term":[{"taxonomy":"category","embeddable":true,"href":"https:\/\/blogs2.correiobraziliense.com.br\/vicente\/wp-json\/wp\/v2\/categories?post=13584"},{"taxonomy":"post_tag","embeddable":true,"href":"https:\/\/blogs2.correiobraziliense.com.br\/vicente\/wp-json\/wp\/v2\/tags?post=13584"}],"curies":[{"name":"wp","href":"https:\/\/api.w.org\/{rel}","templated":true}]}}