{"id":13593,"date":"2020-03-24T13:33:21","date_gmt":"2020-03-24T16:33:21","guid":{"rendered":"https:\/\/blogs2.correiobraziliense.com.br\/vicente\/?p=13593"},"modified":"2020-03-24T15:19:14","modified_gmt":"2020-03-24T18:19:14","slug":"cnc-projeta-perdas-de-r-253-bilhoes-na-segunda-metade-de-marco","status":"publish","type":"post","link":"https:\/\/blogs2.correiobraziliense.com.br\/vicente\/cnc-projeta-perdas-de-r-253-bilhoes-na-segunda-metade-de-marco\/","title":{"rendered":"CNC projeta perdas de R$ 25,3 bilh\u00f5es na segunda metade de mar\u00e7o"},"content":{"rendered":"<h2>ROSANA HESSEL<\/h2>\n<h2><\/h2>\n<h2>A pandemia de Covid-19, provocada pelo novo coronav\u00edrus, est\u00e1 fazendo estragos no com\u00e9rcio brasileiro. A\u00a0perda projetada pela Confedera\u00e7\u00e3o Nacional do Com\u00e9rcio de Bens, Servi\u00e7os e Turismo (CNC) para a segunda metade de mar\u00e7o, devido \u00e0 quarentena, soma R$ 25,3 bilh\u00f5es em apenas quatro entes federativos: S\u00e3o Paulo, Minas Gerais, Rio de Janeiro e Distrito Federal. Esse dado faze parte de levantamento da entidade ao qual o <strong>Blog<\/strong> teve acesso em primeira m\u00e3o.<\/h2>\n<p>&nbsp;<\/p>\n<p>Essas quatro unidades federativas respondem por 52% do faturamento anual do setor, de acordo com dados da Confedera\u00e7\u00e3o.\u00a0A CNC descarta previs\u00e3o de crescimento no varejo este ano e ainda est\u00e1 fechando os n\u00fameros para o m\u00eas e para o ano. De acordo com a entidade, essas perdas s\u00e3o diretas, impostas pela pandemia.\u00a0N\u00e3o est\u00e3o contabilizadas as perdas indiretas decorrentes da queda espont\u00e2nea da movimenta\u00e7\u00e3o dos consumidores nas lojas.<\/p>\n<p>&nbsp;<\/p>\n<p>Conforme dados do Instituto Brasileiro de Geografia e Estat\u00edstica (IBGE) divulgados nesta ter\u00e7a-feira (24\/03), em janeiro, o com\u00e9rcio varejista registrou queda de 1% em rela\u00e7\u00e3o a dezembro de 2019. Na m\u00e9dia m\u00f3vel trimestral, o recuo foi de 0,4%, sinalizando que o pior ainda est\u00e1 por vir.<\/p>\n<p>&nbsp;<\/p>\n<p>&nbsp;<\/p>\n","protected":false},"excerpt":{"rendered":"<p>ROSANA HESSEL A pandemia de Covid-19, provocada pelo novo coronav\u00edrus, est\u00e1 fazendo estragos no com\u00e9rcio brasileiro. A\u00a0perda projetada pela Confedera\u00e7\u00e3o Nacional do Com\u00e9rcio de Bens, Servi\u00e7os e Turismo (CNC) para a segunda metade de mar\u00e7o, devido \u00e0 quarentena, soma R$ 25,3 bilh\u00f5es em apenas quatro entes federativos: S\u00e3o Paulo, Minas Gerais, Rio de Janeiro e [&hellip;]<\/p>\n","protected":false},"author":22,"featured_media":13023,"comment_status":"open","ping_status":"closed","sticky":false,"template":"","format":"standard","meta":{"wpb_read_more":[],"footnotes":""},"categories":[600],"tags":[28,334,4419,2463,3077,4531,3929],"class_list":["post-13593","post","type-post","status-publish","format-standard","has-post-thumbnail","hentry","category-economia","tag-cnc","tag-comercio","tag-coronavirus","tag-perdas","tag-quarentena","tag-vajejo","tag-vendas"],"_links":{"self":[{"href":"https:\/\/blogs2.correiobraziliense.com.br\/vicente\/wp-json\/wp\/v2\/posts\/13593","targetHints":{"allow":["GET"]}}],"collection":[{"href":"https:\/\/blogs2.correiobraziliense.com.br\/vicente\/wp-json\/wp\/v2\/posts"}],"about":[{"href":"https:\/\/blogs2.correiobraziliense.com.br\/vicente\/wp-json\/wp\/v2\/types\/post"}],"author":[{"embeddable":true,"href":"https:\/\/blogs2.correiobraziliense.com.br\/vicente\/wp-json\/wp\/v2\/users\/22"}],"replies":[{"embeddable":true,"href":"https:\/\/blogs2.correiobraziliense.com.br\/vicente\/wp-json\/wp\/v2\/comments?post=13593"}],"version-history":[{"count":4,"href":"https:\/\/blogs2.correiobraziliense.com.br\/vicente\/wp-json\/wp\/v2\/posts\/13593\/revisions"}],"predecessor-version":[{"id":13597,"href":"https:\/\/blogs2.correiobraziliense.com.br\/vicente\/wp-json\/wp\/v2\/posts\/13593\/revisions\/13597"}],"wp:featuredmedia":[{"embeddable":true,"href":"https:\/\/blogs2.correiobraziliense.com.br\/vicente\/wp-json\/wp\/v2\/media\/13023"}],"wp:attachment":[{"href":"https:\/\/blogs2.correiobraziliense.com.br\/vicente\/wp-json\/wp\/v2\/media?parent=13593"}],"wp:term":[{"taxonomy":"category","embeddable":true,"href":"https:\/\/blogs2.correiobraziliense.com.br\/vicente\/wp-json\/wp\/v2\/categories?post=13593"},{"taxonomy":"post_tag","embeddable":true,"href":"https:\/\/blogs2.correiobraziliense.com.br\/vicente\/wp-json\/wp\/v2\/tags?post=13593"}],"curies":[{"name":"wp","href":"https:\/\/api.w.org\/{rel}","templated":true}]}}