{"id":13598,"date":"2020-03-24T15:20:33","date_gmt":"2020-03-24T18:20:33","guid":{"rendered":"https:\/\/blogs2.correiobraziliense.com.br\/vicente\/?p=13598"},"modified":"2020-03-25T18:28:19","modified_gmt":"2020-03-25T21:28:19","slug":"nomes-de-pacientes-sonegados-pelo-hfa-com-teste-positivo-para-o-coronavirus-podem-ser-os-de-bolsonaro-e-da-primeira-dama","status":"publish","type":"post","link":"https:\/\/blogs2.correiobraziliense.com.br\/vicente\/nomes-de-pacientes-sonegados-pelo-hfa-com-teste-positivo-para-o-coronavirus-podem-ser-os-de-bolsonaro-e-da-primeira-dama\/","title":{"rendered":"Nomes de pacientes sonegados pelo HFA com teste positivo para o coronav\u00edrus podem ser os de Bolsonaro e da primeira-dama"},"content":{"rendered":"<h2>Integrantes do Pal\u00e1cio do Planalto admitem que os dois nomes dos paciente com testes positivos para o novo coronav\u00edrus sonegados \u00e0 Justi\u00e7a pelo Hospital das For\u00e7as Armadas (HFA) podem ser os do presidente Jair Bolsonaro e da primeira-dama, Michele.<\/h2>\n<p>&nbsp;<\/p>\n<p>Esses servidores dizem que a lista do HFA virou tabu dentro do Planalto. A ordem \u00e9 n\u00e3o passar qualquer informa\u00e7\u00e3o sobre os exames do presidente e da mulher dele &#8220;por quest\u00e3o de seguran\u00e7a nacional&#8221;. Mas o inc\u00f4modo \u00e9 grande, uma vez que o Pal\u00e1cio se tornou uma das principais fontes de contamina\u00e7\u00e3o pelo coronav\u00edrus em Bras\u00edlia.<\/p>\n<p>&nbsp;<\/p>\n<p>O \u00faltimo a ser contaminado foi <a href=\"https:\/\/blogs2.correiobraziliense.com.br\/vicente\/motorista-de-bolsonaro-da-entrada-em-hospital-com-problemas-respiratorios\/\">um dos motoristas que atendem o presidente da Rep\u00fablica<\/a>. Ele deu entrada em um hospital de Bras\u00edlia alegando estar com problemas respirat\u00f3rios, sintomas caracter\u00edsticos da Covid-19.<\/p>\n<p>&nbsp;<\/p>\n<p>O HFA sonegou os dois nomes \u00e0 Secretaria de Sa\u00fade do Sa\u00fade do Distrito Federal, apesar de a Justi\u00e7a ter determinado o repasse de todos os registros de pessoas que foram testadas positivamente para o coronov\u00edrus. Do total de 17 pessoas confirmadas com a Covid-19, somente 15 tiveram os nomes revelados \u00e0 Justi\u00e7a.<\/p>\n<p>&nbsp;<\/p>\n<p><strong>Prote\u00e7\u00e3o \u00e0 intimidade<\/strong><\/p>\n<p>&nbsp;<\/p>\n<p>A sonega\u00e7\u00e3o dos dois nomes foi ressaltada em of\u00edcio encaminhado \u00e0 Justi\u00e7a pelo comandante log\u00edstico do Hospital das For\u00e7as Armadas, general Rui Yutaka Matsuda.<\/p>\n<p>&nbsp;<\/p>\n<p>\u201cDeixo de informar \u00e0 V Exa. (ju\u00edza Raquel Soares Chiarelli), neste documento, os nomes dos pacientes com sorologia positiva para a Covid-19, a fim de evitar a exposi\u00e7\u00e3o dos pacientes e em virtude do direito constitucional de prote\u00e7\u00e3o \u00e0 intimidade, vida privada, honra e imagem do cidad\u00e3o\u201d, escreveu Matsusa.<\/p>\n<p>&nbsp;<\/p>\n<p>Curiosamente, diante da insist\u00eancia dos jornalistas em ver os resultados dos exames de Bolsonaro, o governo restringiu o acesso a dados p\u00fablicos por meio da Lei de Acesso \u00e0 Informa\u00e7\u00e3o (LAI). A Medida Provis\u00f3ria tratando do tema foi editada na calada da noite.<\/p>\n<p>&nbsp;<\/p>\n<p>Essa postura do governo ocorre mesmo depois de 23 pessoas que integraram a comitiva presidencial para os Estados Unidos no in\u00edcio de mar\u00e7o terem testado positivo para o coronav\u00edrus.<\/p>\n<p>&nbsp;<\/p>\n<p>A decis\u00e3o de Bolsonaro de n\u00e3o dar transpar\u00eancia a seus exames para a Covid-19 foi fechada com os filhos. O deputado Eduardo Bolsonaro \u00e9 o defensor mais enf\u00e1tico para que o governo esconda as informa\u00e7\u00f5es.<\/p>\n<p>&nbsp;<\/p>\n<p><em>Bras\u00edlia, 15h20min<\/em><\/p>\n","protected":false},"excerpt":{"rendered":"<p>Integrantes do Pal\u00e1cio do Planalto admitem que os dois nomes dos paciente com testes positivos para o novo coronav\u00edrus sonegados \u00e0 Justi\u00e7a pelo Hospital das For\u00e7as Armadas (HFA) podem ser os do presidente Jair Bolsonaro e da primeira-dama, Michele. &nbsp; Esses servidores dizem que a lista do HFA virou tabu dentro do Planalto. A ordem [&hellip;]<\/p>\n","protected":false},"author":22,"featured_media":12208,"comment_status":"open","ping_status":"closed","sticky":false,"template":"","format":"standard","meta":{"wpb_read_more":[],"footnotes":""},"categories":[600],"tags":[2554,3891,4532,282,4533,1316],"class_list":["post-13598","post","type-post","status-publish","format-standard","has-post-thumbnail","hentry","category-economia","tag-bolsonaro","tag-exames","tag-hfa","tag-justica","tag-nomes","tag-sonegacao"],"_links":{"self":[{"href":"https:\/\/blogs2.correiobraziliense.com.br\/vicente\/wp-json\/wp\/v2\/posts\/13598","targetHints":{"allow":["GET"]}}],"collection":[{"href":"https:\/\/blogs2.correiobraziliense.com.br\/vicente\/wp-json\/wp\/v2\/posts"}],"about":[{"href":"https:\/\/blogs2.correiobraziliense.com.br\/vicente\/wp-json\/wp\/v2\/types\/post"}],"author":[{"embeddable":true,"href":"https:\/\/blogs2.correiobraziliense.com.br\/vicente\/wp-json\/wp\/v2\/users\/22"}],"replies":[{"embeddable":true,"href":"https:\/\/blogs2.correiobraziliense.com.br\/vicente\/wp-json\/wp\/v2\/comments?post=13598"}],"version-history":[{"count":3,"href":"https:\/\/blogs2.correiobraziliense.com.br\/vicente\/wp-json\/wp\/v2\/posts\/13598\/revisions"}],"predecessor-version":[{"id":13661,"href":"https:\/\/blogs2.correiobraziliense.com.br\/vicente\/wp-json\/wp\/v2\/posts\/13598\/revisions\/13661"}],"wp:featuredmedia":[{"embeddable":true,"href":"https:\/\/blogs2.correiobraziliense.com.br\/vicente\/wp-json\/wp\/v2\/media\/12208"}],"wp:attachment":[{"href":"https:\/\/blogs2.correiobraziliense.com.br\/vicente\/wp-json\/wp\/v2\/media?parent=13598"}],"wp:term":[{"taxonomy":"category","embeddable":true,"href":"https:\/\/blogs2.correiobraziliense.com.br\/vicente\/wp-json\/wp\/v2\/categories?post=13598"},{"taxonomy":"post_tag","embeddable":true,"href":"https:\/\/blogs2.correiobraziliense.com.br\/vicente\/wp-json\/wp\/v2\/tags?post=13598"}],"curies":[{"name":"wp","href":"https:\/\/api.w.org\/{rel}","templated":true}]}}