{"id":136,"date":"2015-07-17T00:01:00","date_gmt":"2015-07-17T03:01:00","guid":{"rendered":"https:\/\/blogs2.correiobraziliense.com.br\/vicente\/pessimismo\/"},"modified":"2015-07-17T00:01:00","modified_gmt":"2015-07-17T03:01:00","slug":"pessimismo","status":"publish","type":"post","link":"https:\/\/blogs2.correiobraziliense.com.br\/vicente\/pessimismo\/","title":{"rendered":"PESSIMISMO"},"content":{"rendered":"\n<p>A crise econ\u00f4mica na qual o pa\u00eds est\u00e1 mergulhado \u00e9 grave, mas, na avalia\u00e7\u00e3o do economista Raul Velloso, h\u00e1 um pessimismo exagerado que acaba superdimensionando os problemas. Segundo ele, o Brasil est\u00e1 numa posi\u00e7\u00e3o bem mais confort\u00e1vel para superar as adversidades do que num passado recente. Mas \u00e9 preciso a\u00e7\u00e3o. <\/p>\n<p>Velloso cita um conjunto de fatores que o levam a ver o pa\u00eds saindo do atoleiro mais cedo do que prev\u00ea a maioria do mercado: o Banco Central est\u00e1 efetivamente comprometido com o combate \u00e0 infla\u00e7\u00e3o; o ministro da Fazenda, Joaquim Levy, \u00e9 respons\u00e1vel do ponto de vista fisca;&nbsp; o pa\u00eds adotou o realismo tarif\u00e1rio, est\u00e1 retomando o programa de concess\u00f5es e as contas externas est\u00e3o passando por um ajuste. <\/p>\n<p>Mesmo o quadro internacional, que n\u00e3o \u00e9 dos melhores, tem jogado a favor do pa\u00eds, acredita o economista. Como os Estados Unidos v\u00eam adiando o aumento das taxas de juros, h\u00e1 dinheiro de sobra para irrigar a economia brasileira e evitar saltos expressivos na cota\u00e7\u00e3o do d\u00f3lar. \u201cA desvaloriza\u00e7\u00e3o do real est\u00e1 criando demanda externa pelos produtos brasileiros. Quando esse ponto ficar mais evidente, os investimentos devem ser destravados\u201d, diz. <\/p>\n<p>Especialista em contas p\u00fablicas, Velloso reconhece que boa parte do pessimismo que agiganta os problemas da economia decorre do desastre herdado do primeiro mandato de Dilma Rousseff. Ressalta que o ajuste fiscal necess\u00e1rio hoje para trazer a confian\u00e7a de volta ser\u00e1 muito mais doloroso porque, em vez de se recuperar rapidamente, como ocorreu em 2003, a atividade est\u00e1 indo para o fundo do po\u00e7o. <\/p>\n<p>Na vis\u00e3o do economista ser\u00e1 poss\u00edvel arrumar as finan\u00e7as do pa\u00eds, mas \u00e9 preciso estar atento pois, antes de melhorarem, indicadores como os da d\u00edvida bruta, que est\u00e1 em 62,5% do Produto Interno Bruto (PIB), v\u00e3o piorar muito. \u201cNesse contexto, a presidente Dilma ter\u00e1 que, todos os dias, refor\u00e7ar seu apoio a Levy. Ter\u00e1 que pedir paci\u00eancia aos investidores at\u00e9 que os resultados comecem a aparecer\u201d, afirma. <\/p>\n<p>Para Velloso, o governo n\u00e3o tem mais qualquer espa\u00e7o para errar. A situa\u00e7\u00e3o est\u00e1 t\u00e3o fr\u00e1gil, sobretudo porque h\u00e1 uma crise pol\u00edtica grave atropelando o Pal\u00e1cio do Planalto, que qualquer ponto fora da curva far\u00e1 a engrenagem desandar. Sendo assim, para evitar o pior, a presidente Dilma deveria unificar o discurso do governo, especialmente quando o assunto for o ajuste fiscal. \u00c9 dentro do governo que est\u00e1 a maior amea\u00e7a ao setor p\u00fablico. <\/p>\n<p>Divis\u00e3oUm governo dividido \u00e9 alvo f\u00e1cil para o Congresso. N\u00e3o \u00e0 toa, os t\u00e9cnicos da ag\u00eancia de classifica\u00e7\u00e3o de risco Moody\u2019s ressaltaram ontem ao ministro da Fazenda a preocupa\u00e7\u00e3o com as dificuldades de a presidente Dilma reorganizar a sua base aliada. Segundo a Moody\u2019s, \u00e9 incompreens\u00edvel que o l\u00edder do governo no Senado, Delc\u00eddio Amaral (PT-MS), seja o principal advers\u00e1rio do projeto que prev\u00ea a unifica\u00e7\u00e3o do Imposto sobre Circula\u00e7\u00e3o de Mercadorias e Servi\u00e7os (ICMS), defendido com unhas e dentes por Levy. <\/p>\n<p>Nos \u00faltimos dias, o ministro fez uma grande maratona para conseguir o aval do Senado aos projetos do ICMS e de repatria\u00e7\u00e3o de recursos enviados ilegalmente pelos brasileiros ao exterior. Falou com parlamentares de todos os partidos, conversou com pelo menos 14 governadores, aglutinou apoio. Mas o partido da presidente acabou por impor a barreira que levou a discuss\u00e3o sobre a mudan\u00e7a na tributa\u00e7\u00e3o para agosto, quando o Congresso voltar\u00e1 do recesso. <\/p>\n<p>O grande temor da ag\u00eancia de classifica\u00e7\u00e3o de risco e de t\u00e9cnicos da equipe econ\u00f4mica \u00e9 de que, com o acirramento da disputa pol\u00edtica, toda a reforma tribut\u00e1ria pensada por Levy, que inclui a unifica\u00e7\u00e3o do PIS e da Cofins e a cria\u00e7\u00e3o de dois fundos para compensar perdas aos estados com a redu\u00e7\u00e3o do ICMS para 4%, v\u00e1 para o ralo. O ministro da Fazenda acredita que, com a amplia\u00e7\u00e3o do debate, conseguir\u00e1 reverter os obst\u00e1culos que tanto incomodam os investidores. <\/p>\n<p>Levy detalhou aos t\u00e9cnicos da Moody\u2019s as dificuldades estruturais e, sobretudo, as de curto prazo, para que o pa\u00eds possa retomar a agenda do crescimento econ\u00f4mico. Assinalou que o governo est\u00e1 empenhado em cortar gastos, mas, com as dificuldades atuais de arrecada\u00e7\u00e3o, ainda depender\u00e1 de receitas extraordin\u00e1rias para fechar as contas e cumprir o superavit prim\u00e1rio de 1,1% do Produto Interno Bruto (PIB). <\/p>\n<p>A manuten\u00e7\u00e3o da meta fiscal, por\u00e9m, continua sendo d\u00favida. E isso \u00e9 um grande problema, reconhece Raul Velloso. Para ele, o governo deve insistir ao m\u00e1ximo que alcan\u00e7ar\u00e1 tal objetivo, com toda a transpar\u00eancia poss\u00edvel. Apesar de a Moody\u2019s ter admitido, nas reuni\u00f5es com integrantes da equipe econ\u00f4mica, que o esfor\u00e7o do governo para arrumar a casa \u00e9 importante, o rebaixamento do pa\u00eds ainda est\u00e1 a um passo de ser decretado. <\/p>\n<p>Rela\u00e7\u00f5es chinesas <\/p>\n<p>\u00bb J\u00e1 foram melhores as rela\u00e7\u00f5es da Petrobras com os s\u00f3cios chineses no Campo de Libra, privatizado por Dilma Rousseff em 2013. <\/p>\n<p>Direto de Nova York <\/p>\n<p>\u00bb Na conversas para obter apoio ao projeto de reforma do ICMS, Joaquim Levy recebeu apoio de um governador que estava em Nova York. De l\u00e1, ele mandou mensagens a todos os aliados no Congresso para que apoiassem o ministro. <\/p>\n<p>Economista do ano <\/p>\n<p>\u00bb Raul Velloso foi eleito economista do ano de 2015 pela Ordem dos Economistas do Brasil. A premia\u00e7\u00e3o est\u00e1 marcada para 10 de agosto. <\/p>\n<p>Bras\u00edlia, 00h01min   <\/p>\n","protected":false},"excerpt":{"rendered":"<p>A crise econ\u00f4mica na qual o pa\u00eds est\u00e1 mergulhado \u00e9 grave, mas, na avalia\u00e7\u00e3o do economista Raul Velloso, h\u00e1 um pessimismo exagerado que acaba superdimensionando os problemas. Segundo ele, o Brasil est\u00e1 numa posi\u00e7\u00e3o bem mais confort\u00e1vel para superar as adversidades do que num passado recente. Mas \u00e9 preciso a\u00e7\u00e3o. Velloso cita um conjunto de [&hellip;]<\/p>\n","protected":false},"author":22,"featured_media":0,"comment_status":"open","ping_status":"open","sticky":false,"template":"","format":"standard","meta":{"wpb_read_more":[],"footnotes":""},"categories":[1],"tags":[],"class_list":["post-136","post","type-post","status-publish","format-standard","hentry","category-sem-categoria"],"_links":{"self":[{"href":"https:\/\/blogs2.correiobraziliense.com.br\/vicente\/wp-json\/wp\/v2\/posts\/136","targetHints":{"allow":["GET"]}}],"collection":[{"href":"https:\/\/blogs2.correiobraziliense.com.br\/vicente\/wp-json\/wp\/v2\/posts"}],"about":[{"href":"https:\/\/blogs2.correiobraziliense.com.br\/vicente\/wp-json\/wp\/v2\/types\/post"}],"author":[{"embeddable":true,"href":"https:\/\/blogs2.correiobraziliense.com.br\/vicente\/wp-json\/wp\/v2\/users\/22"}],"replies":[{"embeddable":true,"href":"https:\/\/blogs2.correiobraziliense.com.br\/vicente\/wp-json\/wp\/v2\/comments?post=136"}],"version-history":[{"count":0,"href":"https:\/\/blogs2.correiobraziliense.com.br\/vicente\/wp-json\/wp\/v2\/posts\/136\/revisions"}],"wp:attachment":[{"href":"https:\/\/blogs2.correiobraziliense.com.br\/vicente\/wp-json\/wp\/v2\/media?parent=136"}],"wp:term":[{"taxonomy":"category","embeddable":true,"href":"https:\/\/blogs2.correiobraziliense.com.br\/vicente\/wp-json\/wp\/v2\/categories?post=136"},{"taxonomy":"post_tag","embeddable":true,"href":"https:\/\/blogs2.correiobraziliense.com.br\/vicente\/wp-json\/wp\/v2\/tags?post=136"}],"curies":[{"name":"wp","href":"https:\/\/api.w.org\/{rel}","templated":true}]}}