{"id":13608,"date":"2020-03-24T21:29:48","date_gmt":"2020-03-25T00:29:48","guid":{"rendered":"https:\/\/blogs2.correiobraziliense.com.br\/vicente\/?p=13608"},"modified":"2020-03-24T21:29:48","modified_gmt":"2020-03-25T00:29:48","slug":"oab-vai-ao-stf-com-acao-de-inconstitucionalidade-contra-mp-928","status":"publish","type":"post","link":"https:\/\/blogs2.correiobraziliense.com.br\/vicente\/oab-vai-ao-stf-com-acao-de-inconstitucionalidade-contra-mp-928\/","title":{"rendered":"OAB vai ao STF com a\u00e7\u00e3o de inconstitucionalidade contra MP 928"},"content":{"rendered":"<p>ROSANA HESSEL<\/p>\n<p>&nbsp;<\/p>\n<p>A Ordem dos Advogados do Brasil (OAB) decidiu entrar no Supremo Tribunal Federal (STF) com A\u00e7\u00e3o Direta de Inconstitucionalidade (ADI), questionando os artigos da Medida Provis\u00f3ria (MP) n\u00ba 928\/2020 que restringiram a Lei de Acesso \u00e0 Informa\u00e7\u00e3o (LAI), n\u00ba 12.527, de 2011.<\/p>\n<p>&nbsp;<\/p>\n<p>A MP 928 revogou o artigo da MP 927\/2020, que permitia a suspens\u00e3o dos contratos trabalhistas por quatro meses, mas acabou contendo um jabuti que vai contra as leis de transpar\u00eancia de uma democracia.<\/p>\n<p>&nbsp;<\/p>\n<p>No parecer da entidade, h\u00e1 inconstitucionalidade formal, pelo n\u00e3o preenchimento dos requisitos de relev\u00e2ncia e urg\u00eancia a autorizar a edi\u00e7\u00e3o de MP; e inconstitucionalidade material, devido \u00e0s restri\u00e7\u00f5es desproporcionais e arbitr\u00e1rias \u00e0 transpar\u00eancia e \u00e0 publicidade dos atos da administra\u00e7\u00e3o p\u00fablica.<\/p>\n<p>&nbsp;<\/p>\n<p>\u201cO direito \u00e0 informa\u00e7\u00e3o \u00e9 pressuposto para o exerc\u00edcio da cidadania e para o controle social das atividades do Estado, que deve ser refor\u00e7ado em um contexto de calamidade p\u00fablica. Por isso qualquer restri\u00e7\u00e3o de acesso \u00e0s informa\u00e7\u00f5es p\u00fablicas deve ser excepcional e cercada de todas as cautelas poss\u00edveis, como forma de impedir abusos e arroubos autorit\u00e1rios sob o manto de exce\u00e7\u00f5es gen\u00e9ricas e abertas \u00e0 regra da transpar\u00eancia\u201d, aponta o documento divulgado pela OAB.<\/p>\n<p>&nbsp;<\/p>\n<p>&nbsp;<\/p>\n","protected":false},"excerpt":{"rendered":"<p>ROSANA HESSEL &nbsp; A Ordem dos Advogados do Brasil (OAB) decidiu entrar no Supremo Tribunal Federal (STF) com A\u00e7\u00e3o Direta de Inconstitucionalidade (ADI), questionando os artigos da Medida Provis\u00f3ria (MP) n\u00ba 928\/2020 que restringiram a Lei de Acesso \u00e0 Informa\u00e7\u00e3o (LAI), n\u00ba 12.527, de 2011. &nbsp; A MP 928 revogou o artigo da MP 927\/2020, [&hellip;]<\/p>\n","protected":false},"author":22,"featured_media":0,"comment_status":"open","ping_status":"closed","sticky":false,"template":"","format":"standard","meta":{"wpb_read_more":[],"footnotes":""},"categories":[600],"tags":[4539,4541,4540,924,192],"class_list":["post-13608","post","type-post","status-publish","format-standard","hentry","category-economia","tag-adi","tag-lai","tag-mp-928-2020","tag-oab","tag-stf"],"_links":{"self":[{"href":"https:\/\/blogs2.correiobraziliense.com.br\/vicente\/wp-json\/wp\/v2\/posts\/13608","targetHints":{"allow":["GET"]}}],"collection":[{"href":"https:\/\/blogs2.correiobraziliense.com.br\/vicente\/wp-json\/wp\/v2\/posts"}],"about":[{"href":"https:\/\/blogs2.correiobraziliense.com.br\/vicente\/wp-json\/wp\/v2\/types\/post"}],"author":[{"embeddable":true,"href":"https:\/\/blogs2.correiobraziliense.com.br\/vicente\/wp-json\/wp\/v2\/users\/22"}],"replies":[{"embeddable":true,"href":"https:\/\/blogs2.correiobraziliense.com.br\/vicente\/wp-json\/wp\/v2\/comments?post=13608"}],"version-history":[{"count":1,"href":"https:\/\/blogs2.correiobraziliense.com.br\/vicente\/wp-json\/wp\/v2\/posts\/13608\/revisions"}],"predecessor-version":[{"id":13610,"href":"https:\/\/blogs2.correiobraziliense.com.br\/vicente\/wp-json\/wp\/v2\/posts\/13608\/revisions\/13610"}],"wp:attachment":[{"href":"https:\/\/blogs2.correiobraziliense.com.br\/vicente\/wp-json\/wp\/v2\/media?parent=13608"}],"wp:term":[{"taxonomy":"category","embeddable":true,"href":"https:\/\/blogs2.correiobraziliense.com.br\/vicente\/wp-json\/wp\/v2\/categories?post=13608"},{"taxonomy":"post_tag","embeddable":true,"href":"https:\/\/blogs2.correiobraziliense.com.br\/vicente\/wp-json\/wp\/v2\/tags?post=13608"}],"curies":[{"name":"wp","href":"https:\/\/api.w.org\/{rel}","templated":true}]}}